{"id":11260,"date":"2026-01-17T05:28:18","date_gmt":"2026-01-17T09:28:18","guid":{"rendered":"https:\/\/jornalregionalms.com.br\/?p=11260"},"modified":"2026-01-17T05:28:18","modified_gmt":"2026-01-17T09:28:18","slug":"exposicao-imersiva-homenageia-mauricio-de-sousa","status":"publish","type":"post","link":"https:\/\/jornalregionalms.com.br\/?p=11260","title":{"rendered":"Exposi\u00e7\u00e3o imersiva homenageia Mauricio de Sousa"},"content":{"rendered":"<p>\u00a0Personagens que marcaram \u00e9poca e seguem encantando gera\u00e7\u00f5es de f\u00e3s em todo o Brasil. A Turma da M\u00f4nica e seus divertidos integrantes s\u00e3o as estrelas de uma grande exposi\u00e7\u00e3o em cartaz no Centro Cultural Banco do Brasil do Rio de Janeiro.<img decoding=\"async\" src=\"https:\/\/agenciabrasil.ebc.com.br\/ebc.png?id=1675117&#038;o=rss\"><img decoding=\"async\" src=\"https:\/\/agenciabrasil.ebc.com.br\/ebc.gif?id=1675117&#038;o=rss\"><\/p>\n<p>A mostra \u201cViva Mauricio \u2013 Mauricio de Sousa, a experi\u00eancia imersiva\u201d se aprofunda no universo do desenhista e cartunista, convidando o visitante a conhecer de forma interativa os cen\u00e1rios de suas hist\u00f3rias que sobrevivem ao tempo.<\/p>\n<p>Pai de mais de 400 personagens, muitos inspirados em seus filhos e amigos, Maur\u00edcio de Sousa sempre ser\u00e1 lembrado pelos tra\u00e7os que deram vida a Bidu, o cachorro azul; Chico Bento, Franjinha, Marina e, claro, a irrequieta M\u00f4nica, com seu coelho de pel\u00facia Sans\u00e3o.<\/p>\n<p>A mostra no CCBB faz parte das comemora\u00e7\u00f5es dos 90 anos deste paulista da cidade de Santa Isabel, \u00a0celebrados ao longo de 2025 com uma s\u00e9rie de homenagens, entre elas, um filme sobre sua vida.<\/p>\n<p>Marcelo Araujo Jackow, um dos curadores da mostra, explica que essa \u00e9 uma forma de agradecimento a Mauricio.<\/p>\n<p>\u00a0\u201cO que a gente mais tenta, em primeiro momento, \u00e9 fazer uma exposi\u00e7\u00e3o em forma de agradecimento, ao tanto que essa pessoa fez a tantos brasileiros e existem poucas, poucos brasileiros, que s\u00e3o t\u00e3o amados e que n\u00e3o tem ningu\u00e9m que n\u00e3o conhe\u00e7a ele. Ent\u00e3o, o que a gente fez foi trazer o m\u00e1ximo da pessoa Maur\u00edcio, da criatividade Maur\u00edcio, verdadeiramente nos espa\u00e7os\u201d.<\/p>\n<p>O curador fala tamb\u00e9m sobre alguns dos ambientes da exposi\u00e7\u00e3o.<\/p>\n<p>\u00a0\u201cExiste um cora\u00e7\u00e3o da exposi\u00e7\u00e3o, que \u00e9 o bairro do Limoeiro, onde voc\u00ea vai poder ver o Limoeiro com o Maur\u00edcio sendo a copa desse Limoeiro e depois voc\u00ea acessar os quartos, os personagens, sua sala, os laborat\u00f3rios do Franjinha. Mas todos os ambientes s\u00e3o muito imersivos em cada universo de cada personagem. Por exemplo, voc\u00ea entrar no cemit\u00e9rio do Penadinho e se encontrar com os personagens ali vivos, falando, brincando, contando piada para voc\u00ea, \u00e9 muito m\u00e1gico tamb\u00e9m, n\u00e9? E tem a sala da M\u00f4nica, que \u00e9 da M\u00f4nica em si\u201d.<\/p>\n<p>A mostra \u00e9 conduzida pela voz do pr\u00f3prio Mauricio de Sousa e revela suas inspira\u00e7\u00f5es e jornada, da inf\u00e2ncia \u00e0 consagra\u00e7\u00e3o da sua obra como patrim\u00f4nio cultural brasileiro.<\/p>\n<p>Marcelo explica a escolha por essa forma de condu\u00e7\u00e3o.<\/p>\n<p>\u201cA gente tinha um projeto original que foi apresentado por Mauro Sousa e era uma invers\u00e3o nos personagens dos seus universos. E o Mauro disse assim: &#8220;Voc\u00ea pensou que o Maur\u00edcio faz 90 anos e as pessoas amam tanto o Maur\u00edcio quanto os personagens?&#8221; E isso para mim virou a chave e n\u00f3s redesenhamos todos os 24 ambientes com um novo pensamento, onde \u00e9 o Maur\u00edcio quem vai contar para a gente as suas hist\u00f3rias e isso vai deixar a experi\u00eancia muito mais rica\u201d.<\/p>\n<p>A exposi\u00e7\u00e3o possui tamb\u00e9m diversos recursos de acessibilidade, como sinalizadores t\u00e1teis, audiodescri\u00e7\u00e3o e mapa t\u00e1til, al\u00e9m de guias especializados.<\/p>\n<p>\u201cViva Mauricio \u2013 Mauricio de Sousa, a experi\u00eancia imersiva\u201d fica em cartaz no Centro Cultural Banco do Brasil, na regi\u00e3o central do Rio, at\u00e9 13 de abril. Depois, segue para Belo Horizonte, Bras\u00edlia e Salvador, onde cumprir\u00e1 temporada nas unidades locais do CCBB.\u00a0 A entrada \u00e9 gratuita.<\/p>\n<p>  <span class=\"hms hms-format-m-ss\">4:26<\/span><\/p>\n","protected":false},"excerpt":{"rendered":"<p>\u00a0Personagens que marcaram \u00e9poca e seguem encantando gera\u00e7\u00f5es de f\u00e3s em todo o Brasil. A Turma da M\u00f4nica e seus divertidos integrantes s\u00e3o as estrelas de uma grande exposi\u00e7\u00e3o em cartaz no Centro Cultural Banco do Brasil do Rio de Janeiro. A mostra \u201cViva Mauricio \u2013 Mauricio de Sousa, a experi\u00eancia imersiva\u201d se aprofunda no [&hellip;]<\/p>\n","protected":false},"author":24,"featured_media":11261,"comment_status":"open","ping_status":"open","sticky":false,"template":"","format":"standard","meta":{"site-sidebar-layout":"default","site-content-layout":"","ast-site-content-layout":"","site-content-style":"default","site-sidebar-style":"default","ast-global-header-display":"","ast-banner-title-visibility":"","ast-main-header-display":"","ast-hfb-above-header-display":"","ast-hfb-below-header-display":"","ast-hfb-mobile-header-display":"","site-post-title":"","ast-breadcrumbs-content":"","ast-featured-img":"","footer-sml-layout":"","theme-transparent-header-meta":"","adv-header-id-meta":"","stick-header-meta":"","header-above-stick-meta":"","header-main-stick-meta":"","header-below-stick-meta":"","astra-migrate-meta-layouts":"default","ast-page-background-enabled":"default","ast-page-background-meta":{"desktop":{"background-color":"var(--ast-global-color-4)","background-image":"","background-repeat":"repeat","background-position":"center center","background-size":"auto","background-attachment":"scroll","background-type":"","background-media":"","overlay-type":"","overlay-color":"","overlay-opacity":"","overlay-gradient":""},"tablet":{"background-color":"","background-image":"","background-repeat":"repeat","background-position":"center center","background-size":"auto","background-attachment":"scroll","background-type":"","background-media":"","overlay-type":"","overlay-color":"","overlay-opacity":"","overlay-gradient":""},"mobile":{"background-color":"","background-image":"","background-repeat":"repeat","background-position":"center center","background-size":"auto","background-attachment":"scroll","background-type":"","background-media":"","overlay-type":"","overlay-color":"","overlay-opacity":"","overlay-gradient":""}},"ast-content-background-meta":{"desktop":{"background-color":"var(--ast-global-color-5)","background-image":"","background-repeat":"repeat","background-position":"center center","background-size":"auto","background-attachment":"scroll","background-type":"","background-media":"","overlay-type":"","overlay-color":"","overlay-opacity":"","overlay-gradient":""},"tablet":{"background-color":"var(--ast-global-color-5)","background-image":"","background-repeat":"repeat","background-position":"center center","background-size":"auto","background-attachment":"scroll","background-type":"","background-media":"","overlay-type":"","overlay-color":"","overlay-opacity":"","overlay-gradient":""},"mobile":{"background-color":"var(--ast-global-color-5)","background-image":"","background-repeat":"repeat","background-position":"center center","background-size":"auto","background-attachment":"scroll","background-type":"","background-media":"","overlay-type":"","overlay-color":"","overlay-opacity":"","overlay-gradient":""}},"footnotes":""},"categories":[1],"tags":[],"class_list":["post-11260","post","type-post","status-publish","format-standard","has-post-thumbnail","hentry","category-sem-categoria"],"_links":{"self":[{"href":"https:\/\/jornalregionalms.com.br\/index.php?rest_route=\/wp\/v2\/posts\/11260","targetHints":{"allow":["GET"]}}],"collection":[{"href":"https:\/\/jornalregionalms.com.br\/index.php?rest_route=\/wp\/v2\/posts"}],"about":[{"href":"https:\/\/jornalregionalms.com.br\/index.php?rest_route=\/wp\/v2\/types\/post"}],"author":[{"embeddable":true,"href":"https:\/\/jornalregionalms.com.br\/index.php?rest_route=\/wp\/v2\/users\/24"}],"replies":[{"embeddable":true,"href":"https:\/\/jornalregionalms.com.br\/index.php?rest_route=%2Fwp%2Fv2%2Fcomments&post=11260"}],"version-history":[{"count":0,"href":"https:\/\/jornalregionalms.com.br\/index.php?rest_route=\/wp\/v2\/posts\/11260\/revisions"}],"wp:featuredmedia":[{"embeddable":true,"href":"https:\/\/jornalregionalms.com.br\/index.php?rest_route=\/wp\/v2\/media\/11261"}],"wp:attachment":[{"href":"https:\/\/jornalregionalms.com.br\/index.php?rest_route=%2Fwp%2Fv2%2Fmedia&parent=11260"}],"wp:term":[{"taxonomy":"category","embeddable":true,"href":"https:\/\/jornalregionalms.com.br\/index.php?rest_route=%2Fwp%2Fv2%2Fcategories&post=11260"},{"taxonomy":"post_tag","embeddable":true,"href":"https:\/\/jornalregionalms.com.br\/index.php?rest_route=%2Fwp%2Fv2%2Ftags&post=11260"}],"curies":[{"name":"wp","href":"https:\/\/api.w.org\/{rel}","templated":true}]}}