{"id":10520,"date":"2025-12-27T22:27:17","date_gmt":"2025-12-28T02:27:17","guid":{"rendered":"https:\/\/jornalregionalms.com.br\/?p=10520"},"modified":"2025-12-27T22:27:17","modified_gmt":"2025-12-28T02:27:17","slug":"chuva-forte-deixa-cidade-de-sao-paulo-em-estado-de-atencao","status":"publish","type":"post","link":"https:\/\/jornalregionalms.com.br\/?p=10520","title":{"rendered":"Chuva forte deixa cidade de S\u00e3o Paulo em estado de aten\u00e7\u00e3o"},"content":{"rendered":"<\/p>\n<p><a class=\"\" href=\"https:\/\/agenciabrasil.ebc.com.br\/geral\/noticia\/2025-12\/chuva-forte-deixa-cidade-de-sao-paulo-em-estado-de-atencao\"><br \/>\n                    <img decoding=\"async\" src=\"https:\/\/cdn.jsdelivr.net\/gh\/sergiosdlima\/assets-ebc@1.0.0\/abr\/assets\/images\/logo-agenciabrasil.svg\" alt=\"Logo Ag\u00eancia Brasil\"><br \/>\n\t\t\t\t<\/a><\/p>\n<p>A<strong> cidade de S\u00e3o Paulo foi atingida por uma forte chuva na tarde deste s\u00e1bado (27) ap\u00f3s um dia de muito calor<\/strong>.<img decoding=\"async\" src=\"https:\/\/agenciabrasil.ebc.com.br\/ebc.png?id=1673543&#038;o=rss\"><img decoding=\"async\" src=\"https:\/\/agenciabrasil.ebc.com.br\/ebc.gif?id=1673543&#038;o=rss\"><\/p>\n<p>O Centro de Gerenciamento de Emerg\u00eancias (CGE) colocou o munic\u00edpio em estado de alerta. A Defesa Civil enviou alerta de celular informando sobre a chuva na regi\u00e3o central e norte. A zona oeste tamb\u00e9m \u00e9 atingida. Houve ventos, raios e queda de granizo.<\/p>\n<\/p>\n<h3>Not\u00edcias relacionadas:<\/h3>\n<ul>\n<li><a href=\"https:\/\/agenciabrasil.ebc.com.br\/geral\/noticia\/2025-12\/com-calor-governo-de-sao-paulo-emite-alerta-para-economia-de-agua\">Com calor, governo de S\u00e3o Paulo emite alerta para economia de \u00e1gua.<\/a><\/li>\n<li><a href=\"https:\/\/agenciabrasil.ebc.com.br\/saude\/noticia\/2025-12\/mpf-e-defensoria-pedem-providencia-urgente-para-efeitos-do-calor-no-rj\">MPF e Defensoria pedem provid\u00eancia urgente para efeitos do calor no RJ.<\/a><\/li>\n<\/ul>\n<p>Segundo a Defesa Civil e o Corpo de Bombeiros, foram feitas mais de 30\u00a0chamados para queda de \u00e1rvores. Os telhado de duas casas \u2014\u00a0uma na Brasil\u00e2ndia e outra no Jaragu\u00e1 \u2014 ca\u00edram, mas n\u00e3o houve v\u00edtimas.<\/p>\n<p>Na Vila Anast\u00e1cio, uma \u00e1rvore caiu sobre um carro e um homem de 40 anos ficou preso nas ferragens. Ele foi retirado e encaminhado para o Hospital das Cl\u00ednicas.<\/p>\n<p>Mais de 150 mil clientes da Enel ficaram sem energia nesta tarde devido \u00e0s chuvas e \u00e0 queda de \u00e1rvores.<\/p>\n","protected":false},"excerpt":{"rendered":"<p>A cidade de S\u00e3o Paulo foi atingida por uma forte chuva na tarde deste s\u00e1bado (27) ap\u00f3s um dia de muito calor. O Centro de Gerenciamento de Emerg\u00eancias (CGE) colocou o munic\u00edpio em estado de alerta. A Defesa Civil enviou alerta de celular informando sobre a chuva na regi\u00e3o central e norte. A zona oeste [&hellip;]<\/p>\n","protected":false},"author":15,"featured_media":10521,"comment_status":"open","ping_status":"open","sticky":false,"template":"","format":"standard","meta":{"site-sidebar-layout":"default","site-content-layout":"","ast-site-content-layout":"","site-content-style":"default","site-sidebar-style":"default","ast-global-header-display":"","ast-banner-title-visibility":"","ast-main-header-display":"","ast-hfb-above-header-display":"","ast-hfb-below-header-display":"","ast-hfb-mobile-header-display":"","site-post-title":"","ast-breadcrumbs-content":"","ast-featured-img":"","footer-sml-layout":"","theme-transparent-header-meta":"","adv-header-id-meta":"","stick-header-meta":"","header-above-stick-meta":"","header-main-stick-meta":"","header-below-stick-meta":"","astra-migrate-meta-layouts":"default","ast-page-background-enabled":"default","ast-page-background-meta":{"desktop":{"background-color":"var(--ast-global-color-4)","background-image":"","background-repeat":"repeat","background-position":"center center","background-size":"auto","background-attachment":"scroll","background-type":"","background-media":"","overlay-type":"","overlay-color":"","overlay-opacity":"","overlay-gradient":""},"tablet":{"background-color":"","background-image":"","background-repeat":"repeat","background-position":"center center","background-size":"auto","background-attachment":"scroll","background-type":"","background-media":"","overlay-type":"","overlay-color":"","overlay-opacity":"","overlay-gradient":""},"mobile":{"background-color":"","background-image":"","background-repeat":"repeat","background-position":"center center","background-size":"auto","background-attachment":"scroll","background-type":"","background-media":"","overlay-type":"","overlay-color":"","overlay-opacity":"","overlay-gradient":""}},"ast-content-background-meta":{"desktop":{"background-color":"var(--ast-global-color-5)","background-image":"","background-repeat":"repeat","background-position":"center center","background-size":"auto","background-attachment":"scroll","background-type":"","background-media":"","overlay-type":"","overlay-color":"","overlay-opacity":"","overlay-gradient":""},"tablet":{"background-color":"var(--ast-global-color-5)","background-image":"","background-repeat":"repeat","background-position":"center center","background-size":"auto","background-attachment":"scroll","background-type":"","background-media":"","overlay-type":"","overlay-color":"","overlay-opacity":"","overlay-gradient":""},"mobile":{"background-color":"var(--ast-global-color-5)","background-image":"","background-repeat":"repeat","background-position":"center center","background-size":"auto","background-attachment":"scroll","background-type":"","background-media":"","overlay-type":"","overlay-color":"","overlay-opacity":"","overlay-gradient":""}},"footnotes":""},"categories":[1],"tags":[],"class_list":["post-10520","post","type-post","status-publish","format-standard","has-post-thumbnail","hentry","category-sem-categoria"],"_links":{"self":[{"href":"https:\/\/jornalregionalms.com.br\/index.php?rest_route=\/wp\/v2\/posts\/10520","targetHints":{"allow":["GET"]}}],"collection":[{"href":"https:\/\/jornalregionalms.com.br\/index.php?rest_route=\/wp\/v2\/posts"}],"about":[{"href":"https:\/\/jornalregionalms.com.br\/index.php?rest_route=\/wp\/v2\/types\/post"}],"author":[{"embeddable":true,"href":"https:\/\/jornalregionalms.com.br\/index.php?rest_route=\/wp\/v2\/users\/15"}],"replies":[{"embeddable":true,"href":"https:\/\/jornalregionalms.com.br\/index.php?rest_route=%2Fwp%2Fv2%2Fcomments&post=10520"}],"version-history":[{"count":0,"href":"https:\/\/jornalregionalms.com.br\/index.php?rest_route=\/wp\/v2\/posts\/10520\/revisions"}],"wp:featuredmedia":[{"embeddable":true,"href":"https:\/\/jornalregionalms.com.br\/index.php?rest_route=\/wp\/v2\/media\/10521"}],"wp:attachment":[{"href":"https:\/\/jornalregionalms.com.br\/index.php?rest_route=%2Fwp%2Fv2%2Fmedia&parent=10520"}],"wp:term":[{"taxonomy":"category","embeddable":true,"href":"https:\/\/jornalregionalms.com.br\/index.php?rest_route=%2Fwp%2Fv2%2Fcategories&post=10520"},{"taxonomy":"post_tag","embeddable":true,"href":"https:\/\/jornalregionalms.com.br\/index.php?rest_route=%2Fwp%2Fv2%2Ftags&post=10520"}],"curies":[{"name":"wp","href":"https:\/\/api.w.org\/{rel}","templated":true}]}}