{"id":10464,"date":"2025-12-26T22:27:47","date_gmt":"2025-12-27T02:27:47","guid":{"rendered":"https:\/\/jornalregionalms.com.br\/?p=10464"},"modified":"2025-12-26T22:27:47","modified_gmt":"2025-12-27T02:27:47","slug":"ex-diretor-da-prf-levou-pitbull-e-sacos-de-racao-em-fuga-para-paraguai","status":"publish","type":"post","link":"https:\/\/jornalregionalms.com.br\/?p=10464","title":{"rendered":"Ex-diretor da PRF levou pitbull e sacos de ra\u00e7\u00e3o em fuga para Paraguai"},"content":{"rendered":"<\/p>\n<p><a class=\"\" href=\"https:\/\/agenciabrasil.ebc.com.br\/justica\/noticia\/2025-12\/ex-diretor-da-prf-levou-pitbull-e-sacos-de-racao-em-fuga-para-paraguai\"><br \/>\n                    <img decoding=\"async\" src=\"https:\/\/cdn.jsdelivr.net\/gh\/sergiosdlima\/assets-ebc@1.0.0\/abr\/assets\/images\/logo-agenciabrasil.svg\" alt=\"Logo Ag\u00eancia Brasil\"><br \/>\n\t\t\t\t<\/a><\/p>\n<p><strong>O ex-diretor da Pol\u00edcia Rodovi\u00e1ria Federal (PRF) Silvinei Vasques levou um cachorro da ra\u00e7a pitbull, ra\u00e7\u00e3o e tapetes higi\u00eanicos durante a fuga para o Paraguai.\u00a0<\/strong><img decoding=\"async\" src=\"https:\/\/agenciabrasil.ebc.com.br\/ebc.png?id=1673489&#038;o=rss\"><img decoding=\"async\" src=\"https:\/\/agenciabrasil.ebc.com.br\/ebc.gif?id=1673489&#038;o=rss\"><\/p>\n<p>Condenado a 24 anos e 6 meses de pris\u00e3o na a\u00e7\u00e3o penal do N\u00facleo 2 da trama golpista, o ex-diretor cumpria pris\u00e3o domiciliar, mas <a href=\"https:\/\/agenciabrasil.ebc.com.br\/justica\/noticia\/2025-12\/tornozeleira-de-silvinei-ficou-sem-sinal-na-madrugada-de-natal-diz-pf\">rompeu a tornozeleira eletr\u00f4nica<\/a> e fugiu para o pa\u00eds vizinho para evitar o cumprimento da pena. A fuga ocorreu na madrugada de Natal.<\/p>\n<\/p>\n<h3>Not\u00edcias relacionadas:<\/h3>\n<ul>\n<li><a href=\"https:\/\/agenciabrasil.ebc.com.br\/justica\/noticia\/2025-12\/moraes-decreta-prisao-preventiva-de-ex-diretor-da-prf-silvinei-vasques\">Moraes decreta pris\u00e3o preventiva de ex-diretor da PRF Silvinei Vasques.<\/a><\/li>\n<li><a href=\"https:\/\/agenciabrasil.ebc.com.br\/justica\/noticia\/2025-12\/tornozeleira-de-silvinei-ficou-sem-sinal-na-madrugada-de-natal-diz-pf\">Tornozeleira de Silvinei ficou sem sinal na madrugada de Natal, diz PF.<\/a><\/li>\n<\/ul>\n<p><strong>Nesta sexta-feira (26), Vasques <a href=\"https:\/\/agenciabrasil.ebc.com.br\/geral\/noticia\/2025-12\/ex-diretor-da-policia-rodoviaria-federal-e-preso-no-paraguai\">foi preso no Aeroporto Internacional Silvio Pettiross, em Assun\u00e7\u00e3o<\/a>, ao tentar embarcar para El Salvador com passaporte falso.<\/strong> Ele dever\u00e1 ser entregue \u00e0 Pol\u00edcia Federal nas pr\u00f3ximas horas.<\/p>\n<p>Imagens do circuito interno de TV do pr\u00e9dio do ex-diretor, localizado em S\u00e3o Jos\u00e9 (SC), mostram Silvinei colocando seu cachorro e sacos de ra\u00e7\u00e3o no carro utilizado para fuga, que foi iniciada por volta das 19h22 da quarta-feira (24), v\u00e9spera de Natal.<\/p>\n<blockquote>\n<p>\u201cAproximadamente \u00e0s 19h14min, colocou mais coisas no banco de tr\u00e1s, inclusive ra\u00e7\u00e3o e muitos sacos de tapete higi\u00eanico para c\u00e3es, pelo lado do passageiro. Aproximadamente \u00e0s 19h22min, foi para o carro carregando potes comedouros para ra\u00e7\u00e3o e conduzindo um cachorro, aparentando ser da ra\u00e7a pitbull, e saiu\u201d, relatou a PF ao STF.\u00a0<\/p>\n<\/blockquote>\n<p>Ap\u00f3s ser informado sobre a fuga, o ministro Alexandre de Moraes, do Supremo Tribunal Federal (STF), <a href=\"https:\/\/agenciabrasil.ebc.com.br\/justica\/noticia\/2025-12\/moraes-decreta-prisao-preventiva-de-ex-diretor-da-prf-silvinei-vasques\">determinou a pris\u00e3o preventiva<\/a> do ex-diretor.<\/p>\n<p>Ainda n\u00e3o h\u00e1 informa\u00e7\u00f5es sobre o estado do cachorro.<\/p>\n<p>\u00a0<\/p>\n","protected":false},"excerpt":{"rendered":"<p>O ex-diretor da Pol\u00edcia Rodovi\u00e1ria Federal (PRF) Silvinei Vasques levou um cachorro da ra\u00e7a pitbull, ra\u00e7\u00e3o e tapetes higi\u00eanicos durante a fuga para o Paraguai.\u00a0 Condenado a 24 anos e 6 meses de pris\u00e3o na a\u00e7\u00e3o penal do N\u00facleo 2 da trama golpista, o ex-diretor cumpria pris\u00e3o domiciliar, mas rompeu a tornozeleira eletr\u00f4nica e fugiu [&hellip;]<\/p>\n","protected":false},"author":28,"featured_media":10465,"comment_status":"open","ping_status":"open","sticky":false,"template":"","format":"standard","meta":{"site-sidebar-layout":"default","site-content-layout":"","ast-site-content-layout":"","site-content-style":"default","site-sidebar-style":"default","ast-global-header-display":"","ast-banner-title-visibility":"","ast-main-header-display":"","ast-hfb-above-header-display":"","ast-hfb-below-header-display":"","ast-hfb-mobile-header-display":"","site-post-title":"","ast-breadcrumbs-content":"","ast-featured-img":"","footer-sml-layout":"","theme-transparent-header-meta":"","adv-header-id-meta":"","stick-header-meta":"","header-above-stick-meta":"","header-main-stick-meta":"","header-below-stick-meta":"","astra-migrate-meta-layouts":"default","ast-page-background-enabled":"default","ast-page-background-meta":{"desktop":{"background-color":"var(--ast-global-color-4)","background-image":"","background-repeat":"repeat","background-position":"center center","background-size":"auto","background-attachment":"scroll","background-type":"","background-media":"","overlay-type":"","overlay-color":"","overlay-opacity":"","overlay-gradient":""},"tablet":{"background-color":"","background-image":"","background-repeat":"repeat","background-position":"center center","background-size":"auto","background-attachment":"scroll","background-type":"","background-media":"","overlay-type":"","overlay-color":"","overlay-opacity":"","overlay-gradient":""},"mobile":{"background-color":"","background-image":"","background-repeat":"repeat","background-position":"center center","background-size":"auto","background-attachment":"scroll","background-type":"","background-media":"","overlay-type":"","overlay-color":"","overlay-opacity":"","overlay-gradient":""}},"ast-content-background-meta":{"desktop":{"background-color":"var(--ast-global-color-5)","background-image":"","background-repeat":"repeat","background-position":"center center","background-size":"auto","background-attachment":"scroll","background-type":"","background-media":"","overlay-type":"","overlay-color":"","overlay-opacity":"","overlay-gradient":""},"tablet":{"background-color":"var(--ast-global-color-5)","background-image":"","background-repeat":"repeat","background-position":"center center","background-size":"auto","background-attachment":"scroll","background-type":"","background-media":"","overlay-type":"","overlay-color":"","overlay-opacity":"","overlay-gradient":""},"mobile":{"background-color":"var(--ast-global-color-5)","background-image":"","background-repeat":"repeat","background-position":"center center","background-size":"auto","background-attachment":"scroll","background-type":"","background-media":"","overlay-type":"","overlay-color":"","overlay-opacity":"","overlay-gradient":""}},"footnotes":""},"categories":[1],"tags":[],"class_list":["post-10464","post","type-post","status-publish","format-standard","has-post-thumbnail","hentry","category-sem-categoria"],"_links":{"self":[{"href":"https:\/\/jornalregionalms.com.br\/index.php?rest_route=\/wp\/v2\/posts\/10464","targetHints":{"allow":["GET"]}}],"collection":[{"href":"https:\/\/jornalregionalms.com.br\/index.php?rest_route=\/wp\/v2\/posts"}],"about":[{"href":"https:\/\/jornalregionalms.com.br\/index.php?rest_route=\/wp\/v2\/types\/post"}],"author":[{"embeddable":true,"href":"https:\/\/jornalregionalms.com.br\/index.php?rest_route=\/wp\/v2\/users\/28"}],"replies":[{"embeddable":true,"href":"https:\/\/jornalregionalms.com.br\/index.php?rest_route=%2Fwp%2Fv2%2Fcomments&post=10464"}],"version-history":[{"count":0,"href":"https:\/\/jornalregionalms.com.br\/index.php?rest_route=\/wp\/v2\/posts\/10464\/revisions"}],"wp:featuredmedia":[{"embeddable":true,"href":"https:\/\/jornalregionalms.com.br\/index.php?rest_route=\/wp\/v2\/media\/10465"}],"wp:attachment":[{"href":"https:\/\/jornalregionalms.com.br\/index.php?rest_route=%2Fwp%2Fv2%2Fmedia&parent=10464"}],"wp:term":[{"taxonomy":"category","embeddable":true,"href":"https:\/\/jornalregionalms.com.br\/index.php?rest_route=%2Fwp%2Fv2%2Fcategories&post=10464"},{"taxonomy":"post_tag","embeddable":true,"href":"https:\/\/jornalregionalms.com.br\/index.php?rest_route=%2Fwp%2Fv2%2Ftags&post=10464"}],"curies":[{"name":"wp","href":"https:\/\/api.w.org\/{rel}","templated":true}]}}