{"id":10462,"date":"2025-12-26T22:27:48","date_gmt":"2025-12-27T02:27:48","guid":{"rendered":"https:\/\/jornalregionalms.com.br\/?p=10462"},"modified":"2025-12-26T22:27:48","modified_gmt":"2025-12-27T02:27:48","slug":"policia-do-paraguai-entrega-silvinei-vasques-a-pf","status":"publish","type":"post","link":"https:\/\/jornalregionalms.com.br\/?p=10462","title":{"rendered":"Pol\u00edcia do Paraguai entrega Silvinei Vasques \u00e0 PF"},"content":{"rendered":"<\/p>\n<p><a class=\"\" href=\"https:\/\/agenciabrasil.ebc.com.br\/justica\/noticia\/2025-12\/policia-do-paraguai-entrega-silvinei-vasques-pf\"><br \/>\n                    <img decoding=\"async\" src=\"https:\/\/cdn.jsdelivr.net\/gh\/sergiosdlima\/assets-ebc@1.0.0\/abr\/assets\/images\/logo-agenciabrasil.svg\" alt=\"Logo Ag\u00eancia Brasil\"><br \/>\n\t\t\t\t<\/a><\/p>\n<p>O\u00a0<strong>ex-diretor da Pol\u00edcia Rodovi\u00e1ria Federal (PRF) Silvinei Vasques j\u00e1 est\u00e1 sob cust\u00f3dia da Pol\u00edcia Federal (PF)<\/strong>.\u00a0<img decoding=\"async\" src=\"https:\/\/agenciabrasil.ebc.com.br\/ebc.png?id=1673497&#038;o=rss\"><img decoding=\"async\" src=\"https:\/\/agenciabrasil.ebc.com.br\/ebc.gif?id=1673497&#038;o=rss\"><\/p>\n<p>Vasques <a href=\"https:\/\/agenciabrasil.ebc.com.br\/geral\/noticia\/2025-12\/ex-diretor-da-policia-rodoviaria-federal-e-preso-no-paraguai\" target=\"_blank\">foi detido nesta sexta-feira (26), no Paraguai, ao tentar embarcar para El Salvador com um passaporte falso<\/a>.<\/p>\n<\/p>\n<h3>Not\u00edcias relacionadas:<\/h3>\n<ul>\n<li><a href=\"https:\/\/agenciabrasil.ebc.com.br\/justica\/noticia\/2025-12\/tornozeleira-de-silvinei-ficou-sem-sinal-na-madrugada-de-natal-diz-pf\">Tornozeleira de Silvinei ficou sem sinal na madrugada de Natal, diz PF.<\/a><\/li>\n<li><a href=\"https:\/\/agenciabrasil.ebc.com.br\/justica\/noticia\/2025-12\/ex-diretor-da-prf-levou-pitbull-e-sacos-de-racao-em-fuga-para-paraguai\">Ex-diretor da PRF levou pitbull e sacos de ra\u00e7\u00e3o em fuga para Paraguai.<\/a><\/li>\n<\/ul>\n<p>Por volta das 20h,<strong> o ex-diretor foi levado pela pol\u00edcia paraguaia para a fronteira com o Brasil e entregue a agentes da PF na Ponte da Amizade<\/strong>, que liga Foz do Igua\u00e7u, no Paran\u00e1, a Ciudad del Leste. Ele deve ser transferido para Bras\u00edlia nas pr\u00f3ximas horas.\u00a0<\/p>\n<p>Condenado a 24 anos e 6 meses de pris\u00e3o na a\u00e7\u00e3o penal do N\u00facleo 2 da trama golpista, o ex-diretor cumpria pris\u00e3o domiciliar, mas rompeu a tornozeleira eletr\u00f4nica e fugiu para o pa\u00eds vizinho para evitar o cumprimento da pena. A fuga ocorreu na madrugada de Natal.<\/p>\n<p>Ap\u00f3s ser informado sobre a fuga, o <a href=\"https:\/\/agenciabrasil.ebc.com.br\/justica\/noticia\/2025-12\/moraes-decreta-prisao-preventiva-de-ex-diretor-da-prf-silvinei-vasques\" target=\"_blank\">ministro Alexandre de Moraes, do Supremo Tribunal Federal (STF), determinou a pris\u00e3o preventiva<\/a> do ex-diretor.<\/p>\n<p>De acordo com a PF, a tornozeleira parou de emitir sinal de GPS por volta das 3h da madrugada de quinta-feira (25). Em seguida, agentes foram ao apartamento do ex-diretor, localizado em S\u00e3o Jos\u00e9 (SC), e constataram que ele n\u00e3o estava na resid\u00eancia.\u00a0<\/p>\n<p>Ap\u00f3s verificarem o\u00a0sistema de c\u00e2meras do pr\u00e9dio, os agentes conclu\u00edram que ele esteve no apartamento at\u00e9 as 19h22 da v\u00e9spera de Natal, na quarta-feira (24).<\/p>\n<p>As imagens do circuito interno de TV mostraram Vasques colocando bolsas no porta-malas de um carro. Ele usava uma cal\u00e7a de moletom preta, camiseta cinza e um bon\u00e9 preto.<\/p>\n<p>Ele tamb\u00e9m levou\u00a0um cachorro da ra\u00e7a Pitbull, ra\u00e7\u00e3o e tapetes higi\u00eanicos durante a fuga.\u00a0<\/p>\n","protected":false},"excerpt":{"rendered":"<p>O\u00a0ex-diretor da Pol\u00edcia Rodovi\u00e1ria Federal (PRF) Silvinei Vasques j\u00e1 est\u00e1 sob cust\u00f3dia da Pol\u00edcia Federal (PF).\u00a0 Vasques foi detido nesta sexta-feira (26), no Paraguai, ao tentar embarcar para El Salvador com um passaporte falso. Not\u00edcias relacionadas: Tornozeleira de Silvinei ficou sem sinal na madrugada de Natal, diz PF. Ex-diretor da PRF levou pitbull e sacos [&hellip;]<\/p>\n","protected":false},"author":28,"featured_media":10463,"comment_status":"open","ping_status":"open","sticky":false,"template":"","format":"standard","meta":{"site-sidebar-layout":"default","site-content-layout":"","ast-site-content-layout":"","site-content-style":"default","site-sidebar-style":"default","ast-global-header-display":"","ast-banner-title-visibility":"","ast-main-header-display":"","ast-hfb-above-header-display":"","ast-hfb-below-header-display":"","ast-hfb-mobile-header-display":"","site-post-title":"","ast-breadcrumbs-content":"","ast-featured-img":"","footer-sml-layout":"","theme-transparent-header-meta":"","adv-header-id-meta":"","stick-header-meta":"","header-above-stick-meta":"","header-main-stick-meta":"","header-below-stick-meta":"","astra-migrate-meta-layouts":"default","ast-page-background-enabled":"default","ast-page-background-meta":{"desktop":{"background-color":"var(--ast-global-color-4)","background-image":"","background-repeat":"repeat","background-position":"center center","background-size":"auto","background-attachment":"scroll","background-type":"","background-media":"","overlay-type":"","overlay-color":"","overlay-opacity":"","overlay-gradient":""},"tablet":{"background-color":"","background-image":"","background-repeat":"repeat","background-position":"center center","background-size":"auto","background-attachment":"scroll","background-type":"","background-media":"","overlay-type":"","overlay-color":"","overlay-opacity":"","overlay-gradient":""},"mobile":{"background-color":"","background-image":"","background-repeat":"repeat","background-position":"center center","background-size":"auto","background-attachment":"scroll","background-type":"","background-media":"","overlay-type":"","overlay-color":"","overlay-opacity":"","overlay-gradient":""}},"ast-content-background-meta":{"desktop":{"background-color":"var(--ast-global-color-5)","background-image":"","background-repeat":"repeat","background-position":"center center","background-size":"auto","background-attachment":"scroll","background-type":"","background-media":"","overlay-type":"","overlay-color":"","overlay-opacity":"","overlay-gradient":""},"tablet":{"background-color":"var(--ast-global-color-5)","background-image":"","background-repeat":"repeat","background-position":"center center","background-size":"auto","background-attachment":"scroll","background-type":"","background-media":"","overlay-type":"","overlay-color":"","overlay-opacity":"","overlay-gradient":""},"mobile":{"background-color":"var(--ast-global-color-5)","background-image":"","background-repeat":"repeat","background-position":"center center","background-size":"auto","background-attachment":"scroll","background-type":"","background-media":"","overlay-type":"","overlay-color":"","overlay-opacity":"","overlay-gradient":""}},"footnotes":""},"categories":[1],"tags":[],"class_list":["post-10462","post","type-post","status-publish","format-standard","has-post-thumbnail","hentry","category-sem-categoria"],"_links":{"self":[{"href":"https:\/\/jornalregionalms.com.br\/index.php?rest_route=\/wp\/v2\/posts\/10462","targetHints":{"allow":["GET"]}}],"collection":[{"href":"https:\/\/jornalregionalms.com.br\/index.php?rest_route=\/wp\/v2\/posts"}],"about":[{"href":"https:\/\/jornalregionalms.com.br\/index.php?rest_route=\/wp\/v2\/types\/post"}],"author":[{"embeddable":true,"href":"https:\/\/jornalregionalms.com.br\/index.php?rest_route=\/wp\/v2\/users\/28"}],"replies":[{"embeddable":true,"href":"https:\/\/jornalregionalms.com.br\/index.php?rest_route=%2Fwp%2Fv2%2Fcomments&post=10462"}],"version-history":[{"count":0,"href":"https:\/\/jornalregionalms.com.br\/index.php?rest_route=\/wp\/v2\/posts\/10462\/revisions"}],"wp:featuredmedia":[{"embeddable":true,"href":"https:\/\/jornalregionalms.com.br\/index.php?rest_route=\/wp\/v2\/media\/10463"}],"wp:attachment":[{"href":"https:\/\/jornalregionalms.com.br\/index.php?rest_route=%2Fwp%2Fv2%2Fmedia&parent=10462"}],"wp:term":[{"taxonomy":"category","embeddable":true,"href":"https:\/\/jornalregionalms.com.br\/index.php?rest_route=%2Fwp%2Fv2%2Fcategories&post=10462"},{"taxonomy":"post_tag","embeddable":true,"href":"https:\/\/jornalregionalms.com.br\/index.php?rest_route=%2Fwp%2Fv2%2Ftags&post=10462"}],"curies":[{"name":"wp","href":"https:\/\/api.w.org\/{rel}","templated":true}]}}