{"id":10456,"date":"2025-12-26T22:27:42","date_gmt":"2025-12-27T02:27:42","guid":{"rendered":"https:\/\/jornalregionalms.com.br\/?p=10456"},"modified":"2025-12-26T22:27:42","modified_gmt":"2025-12-27T02:27:42","slug":"finep-abre-chamada-de-r-500-milhoes-para-pesquisa-aplicada","status":"publish","type":"post","link":"https:\/\/jornalregionalms.com.br\/?p=10456","title":{"rendered":"Finep abre chamada de R$ 500 milh\u00f5es para pesquisa aplicada"},"content":{"rendered":"<\/p>\n<p><a class=\"\" href=\"https:\/\/agenciabrasil.ebc.com.br\/educacao\/noticia\/2025-12\/finep-abre-chamada-de-r-500-milhoes-para-pesquisa-aplicada\"><br \/>\n                    <img decoding=\"async\" src=\"https:\/\/cdn.jsdelivr.net\/gh\/sergiosdlima\/assets-ebc@1.0.0\/abr\/assets\/images\/logo-agenciabrasil.svg\" alt=\"Logo Ag\u00eancia Brasil\"><br \/>\n\t\t\t\t<\/a><\/p>\n<p><strong>A Financiadora de Estudos e Projetos (Finep) lan\u00e7ou a chamada p\u00fablica \u201cPesquisa Aplicada em Centros Tem\u00e1ticos 2025\u201d, destinada a apoiar projetos desenvolvidos por Centros Nacionais de Infraestrutura Cient\u00edfica e Tecnol\u00f3gica. <\/strong>O objetivo \u00e9 fortalecer a capacidade instalada de pesquisa no pa\u00eds e estimular o desenvolvimento de produtos e processos inovadores com impacto econ\u00f4mico e social.<img decoding=\"async\" src=\"https:\/\/agenciabrasil.ebc.com.br\/ebc.png?id=1673450&#038;o=rss\"><img decoding=\"async\" src=\"https:\/\/agenciabrasil.ebc.com.br\/ebc.gif?id=1673450&#038;o=rss\"><\/p>\n<p>O <strong>edital prev\u00ea at\u00e9 R$ 500 milh\u00f5es <\/strong>em recursos n\u00e3o reembols\u00e1veis do Fundo Nacional de Desenvolvimento Cient\u00edfico e Tecnol\u00f3gico (FNDCT). <strong>As propostas devem ser apresentadas por Institui\u00e7\u00f5es Cient\u00edficas, Tecnol\u00f3gicas e de Inova\u00e7\u00e3o (ICTs) p\u00fablicas ou privadas, com prazo final de submiss\u00e3o em 29 de maio de 2026, por meio da Plataforma de Apoio e Financiamento da Finep<\/strong>.<\/p>\n<\/p>\n<h3>Not\u00edcias relacionadas:<\/h3>\n<ul>\n<li><a href=\"https:\/\/agenciabrasil.ebc.com.br\/economia\/noticia\/2025-12\/finep-anuncia-parceria-de-r-749-mi-para-agricultura-familiar\">Finep anuncia parceria de R$ 74,9 milh\u00f5es para a agricultura familiar.<\/a><\/li>\n<li><a href=\"https:\/\/agenciabrasil.ebc.com.br\/economia\/noticia\/2025-11\/finep-vai-liberar-r-1-bilhao-em-credito-para-empresas\">Finep vai liberar R$ 1 bilh\u00e3o em cr\u00e9dito para empresas.<\/a><\/li>\n<li><a href=\"https:\/\/agenciabrasil.ebc.com.br\/geral\/noticia\/2025-10\/pesquisadores-com-solucoes-para-comunidades-recebem-premio-finep\">Pesquisadores com solu\u00e7\u00f5es para comunidades recebem Pr\u00eamio Finep.<\/a><\/li>\n<\/ul>\n<p>Do total de recursos, 30% ser\u00e3o reservados a projetos das Regi\u00f5es Norte, Nordeste e Centro-Oeste, com foco na redu\u00e7\u00e3o das desigualdades regionais e na descentraliza\u00e7\u00e3o da base cient\u00edfica nacional. Outros R$ 100 milh\u00f5es ser\u00e3o destinados exclusivamente a iniciativas de Infraestrutura Urbana e Mobilidade Sustent\u00e1vel.<\/p>\n<p>Os R$ 400 milh\u00f5es restantes contemplar\u00e3o cinco \u00e1reas estrat\u00e9gicas: Cadeias Agroindustriais Sustent\u00e1veis; Complexo da Sa\u00fade; Tecnologias de Interesse para a Soberania e Defesa Nacionais; Transforma\u00e7\u00e3o Digital; e Bioeconomia, Descarboniza\u00e7\u00e3o, Transi\u00e7\u00e3o e Seguran\u00e7a Energ\u00e9ticas. As tem\u00e1ticas est\u00e3o alinhadas ao programa Nova Ind\u00fastria Brasil (NIB), pol\u00edtica industrial do governo federal.<\/p>\n<p>Cada projeto poder\u00e1 ter dura\u00e7\u00e3o m\u00e1xima de 36 meses e solicitar entre R$ 3 milh\u00f5es e R$ 10 milh\u00f5es. Institui\u00e7\u00f5es estaduais, municipais ou do Distrito Federal dever\u00e3o apresentar contrapartida financeira, conforme previsto na Lei de Diretrizes Or\u00e7ament\u00e1rias (LDO) de 2025.<strong> Cada ICT poder\u00e1 submeter apenas uma proposta como executora principal, mas atuar como coexecutora em outros projetos.<\/strong><\/p>\n<blockquote>\n<p>\u201cAcredito que as ICTs e funda\u00e7\u00f5es de apoio recebem mais uma oportunidade de potencializarem seus projetos com a inje\u00e7\u00e3o desses recursos, e \u00e9 uma excelente not\u00edcia para toda a sociedade, especialmente porque as \u00e1reas tem\u00e1ticas contempladas, alinhadas \u00e0 Nova Ind\u00fastria Brasil, s\u00e3o de enorme import\u00e2ncia para o desenvolvimento sustent\u00e1vel e soberano do Brasil\u201d, disse Luiz Ant\u00f4nio Elias, presidente da Finep.<\/p>\n<\/blockquote>\n<p>O <a href=\"http:\/\/www.finep.gov.br\/chamadas-publicas\/chamadapublica\/768\" target=\"_blank\">edital completo <\/a>est\u00e1 dispon\u00edvel no <em>site<\/em> da Finep.<\/p>\n","protected":false},"excerpt":{"rendered":"<p>A Financiadora de Estudos e Projetos (Finep) lan\u00e7ou a chamada p\u00fablica \u201cPesquisa Aplicada em Centros Tem\u00e1ticos 2025\u201d, destinada a apoiar projetos desenvolvidos por Centros Nacionais de Infraestrutura Cient\u00edfica e Tecnol\u00f3gica. O objetivo \u00e9 fortalecer a capacidade instalada de pesquisa no pa\u00eds e estimular o desenvolvimento de produtos e processos inovadores com impacto econ\u00f4mico e social. [&hellip;]<\/p>\n","protected":false},"author":12,"featured_media":10457,"comment_status":"open","ping_status":"open","sticky":false,"template":"","format":"standard","meta":{"site-sidebar-layout":"default","site-content-layout":"","ast-site-content-layout":"","site-content-style":"default","site-sidebar-style":"default","ast-global-header-display":"","ast-banner-title-visibility":"","ast-main-header-display":"","ast-hfb-above-header-display":"","ast-hfb-below-header-display":"","ast-hfb-mobile-header-display":"","site-post-title":"","ast-breadcrumbs-content":"","ast-featured-img":"","footer-sml-layout":"","theme-transparent-header-meta":"","adv-header-id-meta":"","stick-header-meta":"","header-above-stick-meta":"","header-main-stick-meta":"","header-below-stick-meta":"","astra-migrate-meta-layouts":"default","ast-page-background-enabled":"default","ast-page-background-meta":{"desktop":{"background-color":"var(--ast-global-color-4)","background-image":"","background-repeat":"repeat","background-position":"center center","background-size":"auto","background-attachment":"scroll","background-type":"","background-media":"","overlay-type":"","overlay-color":"","overlay-opacity":"","overlay-gradient":""},"tablet":{"background-color":"","background-image":"","background-repeat":"repeat","background-position":"center center","background-size":"auto","background-attachment":"scroll","background-type":"","background-media":"","overlay-type":"","overlay-color":"","overlay-opacity":"","overlay-gradient":""},"mobile":{"background-color":"","background-image":"","background-repeat":"repeat","background-position":"center center","background-size":"auto","background-attachment":"scroll","background-type":"","background-media":"","overlay-type":"","overlay-color":"","overlay-opacity":"","overlay-gradient":""}},"ast-content-background-meta":{"desktop":{"background-color":"var(--ast-global-color-5)","background-image":"","background-repeat":"repeat","background-position":"center center","background-size":"auto","background-attachment":"scroll","background-type":"","background-media":"","overlay-type":"","overlay-color":"","overlay-opacity":"","overlay-gradient":""},"tablet":{"background-color":"var(--ast-global-color-5)","background-image":"","background-repeat":"repeat","background-position":"center center","background-size":"auto","background-attachment":"scroll","background-type":"","background-media":"","overlay-type":"","overlay-color":"","overlay-opacity":"","overlay-gradient":""},"mobile":{"background-color":"var(--ast-global-color-5)","background-image":"","background-repeat":"repeat","background-position":"center center","background-size":"auto","background-attachment":"scroll","background-type":"","background-media":"","overlay-type":"","overlay-color":"","overlay-opacity":"","overlay-gradient":""}},"footnotes":""},"categories":[123],"tags":[],"class_list":["post-10456","post","type-post","status-publish","format-standard","has-post-thumbnail","hentry","category-politica"],"_links":{"self":[{"href":"https:\/\/jornalregionalms.com.br\/index.php?rest_route=\/wp\/v2\/posts\/10456","targetHints":{"allow":["GET"]}}],"collection":[{"href":"https:\/\/jornalregionalms.com.br\/index.php?rest_route=\/wp\/v2\/posts"}],"about":[{"href":"https:\/\/jornalregionalms.com.br\/index.php?rest_route=\/wp\/v2\/types\/post"}],"author":[{"embeddable":true,"href":"https:\/\/jornalregionalms.com.br\/index.php?rest_route=\/wp\/v2\/users\/12"}],"replies":[{"embeddable":true,"href":"https:\/\/jornalregionalms.com.br\/index.php?rest_route=%2Fwp%2Fv2%2Fcomments&post=10456"}],"version-history":[{"count":0,"href":"https:\/\/jornalregionalms.com.br\/index.php?rest_route=\/wp\/v2\/posts\/10456\/revisions"}],"wp:featuredmedia":[{"embeddable":true,"href":"https:\/\/jornalregionalms.com.br\/index.php?rest_route=\/wp\/v2\/media\/10457"}],"wp:attachment":[{"href":"https:\/\/jornalregionalms.com.br\/index.php?rest_route=%2Fwp%2Fv2%2Fmedia&parent=10456"}],"wp:term":[{"taxonomy":"category","embeddable":true,"href":"https:\/\/jornalregionalms.com.br\/index.php?rest_route=%2Fwp%2Fv2%2Fcategories&post=10456"},{"taxonomy":"post_tag","embeddable":true,"href":"https:\/\/jornalregionalms.com.br\/index.php?rest_route=%2Fwp%2Fv2%2Ftags&post=10456"}],"curies":[{"name":"wp","href":"https:\/\/api.w.org\/{rel}","templated":true}]}}