{"id":10452,"date":"2025-12-26T22:27:39","date_gmt":"2025-12-27T02:27:39","guid":{"rendered":"https:\/\/jornalregionalms.com.br\/?p=10452"},"modified":"2025-12-26T22:27:39","modified_gmt":"2025-12-27T02:27:39","slug":"rio-sanciona-lei-de-adesao-ao-propag-programa-para-refinanciar-divida","status":"publish","type":"post","link":"https:\/\/jornalregionalms.com.br\/?p=10452","title":{"rendered":"Rio sanciona lei de ades\u00e3o ao Propag, programa para refinanciar d\u00edvida"},"content":{"rendered":"<p>O<strong> governo do Rio de Janeiro sancionou lei que autoriza ades\u00e3o ao Programa de Pleno Pagamento das D\u00edvidas dos Estados<\/strong> (Propag).<img decoding=\"async\" src=\"https:\/\/agenciabrasil.ebc.com.br\/ebc.png?id=1673487&#038;o=rss\"><img decoding=\"async\" src=\"https:\/\/agenciabrasil.ebc.com.br\/ebc.gif?id=1673487&#038;o=rss\"><\/p>\n<p>O texto foi publicado no Di\u00e1rio Oficial desta sexta-feira (26) e<strong> determina que o Poder Executivo solicite o encerramento do Regime de Recupera\u00e7\u00e3o Fiscal (RRF) para ingressar no novo modelo<\/strong>.<\/p>\n<p>O Propag foi institu\u00eddo por meio da Lei Complementar n\u00ba 212\/2025, sancionada em 13 de janeiro de 2025. O programa \u00e9 regulamentado pelo Decreto n\u00ba 12.433, de 14 de abril de 2025.<\/p>\n<p>O<strong> programa permite que estados conciliem o pagamento de suas d\u00edvidas com a manuten\u00e7\u00e3o dos servi\u00e7os p\u00fablicos e a realiza\u00e7\u00e3o de investimentos em \u00e1reas como Sa\u00fade, Educa\u00e7\u00e3o e Seguran\u00e7a<\/strong>.<\/p>\n<p>No RRF, a d\u00edvida \u00e9 corrigida pelo \u00edndice IPCA + 4% ao ano. J\u00e1 no novo programa, a atualiza\u00e7\u00e3o poder\u00e1 ser de IPCA + 0%, 1% ou 2%, conforme as condi\u00e7\u00f5es pactuadas. Em contrapartida, os <strong>estados dever\u00e3o quitar parte dos d\u00e9bitos e cumprir regras fiscais e financeiras adicionais<\/strong>.<\/p>\n<p>A lei sancionada autoriza o uso de recursos do Fundo Nacional de Desenvolvimento Regional (FNDR) para o abatimento de parte da d\u00edvida no momento da ades\u00e3o. Esse mecanismo tornou vi\u00e1vel a entrada do Rio de Janeiro no programa ap\u00f3s a derrubada de parte dos vetos presidenciais \u00e0 lei que instituiu o Propag.<\/p>\n<p>O texto tamb\u00e9m estabelece um sistema de limita\u00e7\u00e3o do crescimento das despesas, que ser\u00e1 baseado na varia\u00e7\u00e3o do IPCA, acrescido de percentuais que podem chegar a 70%, conforme o desempenho da receita estadual.<\/p>\n<p>Atualmente, a d\u00edvida do Estado do Rio de Janeiro soma R$ 225 bilh\u00f5es, sendo R$ 193 bilh\u00f5es devidos \u00e0 Uni\u00e3o, R$ 28 bilh\u00f5es em contratos garantidos pela Uni\u00e3o e R$ 4 bilh\u00f5es referentes a parcelamentos.<\/p>\n<p>\u00a0<\/p>\n","protected":false},"excerpt":{"rendered":"<p>O governo do Rio de Janeiro sancionou lei que autoriza ades\u00e3o ao Programa de Pleno Pagamento das D\u00edvidas dos Estados (Propag). O texto foi publicado no Di\u00e1rio Oficial desta sexta-feira (26) e determina que o Poder Executivo solicite o encerramento do Regime de Recupera\u00e7\u00e3o Fiscal (RRF) para ingressar no novo modelo. O Propag foi institu\u00eddo [&hellip;]<\/p>\n","protected":false},"author":12,"featured_media":10453,"comment_status":"open","ping_status":"open","sticky":false,"template":"","format":"standard","meta":{"site-sidebar-layout":"default","site-content-layout":"","ast-site-content-layout":"","site-content-style":"default","site-sidebar-style":"default","ast-global-header-display":"","ast-banner-title-visibility":"","ast-main-header-display":"","ast-hfb-above-header-display":"","ast-hfb-below-header-display":"","ast-hfb-mobile-header-display":"","site-post-title":"","ast-breadcrumbs-content":"","ast-featured-img":"","footer-sml-layout":"","theme-transparent-header-meta":"","adv-header-id-meta":"","stick-header-meta":"","header-above-stick-meta":"","header-main-stick-meta":"","header-below-stick-meta":"","astra-migrate-meta-layouts":"default","ast-page-background-enabled":"default","ast-page-background-meta":{"desktop":{"background-color":"var(--ast-global-color-4)","background-image":"","background-repeat":"repeat","background-position":"center center","background-size":"auto","background-attachment":"scroll","background-type":"","background-media":"","overlay-type":"","overlay-color":"","overlay-opacity":"","overlay-gradient":""},"tablet":{"background-color":"","background-image":"","background-repeat":"repeat","background-position":"center center","background-size":"auto","background-attachment":"scroll","background-type":"","background-media":"","overlay-type":"","overlay-color":"","overlay-opacity":"","overlay-gradient":""},"mobile":{"background-color":"","background-image":"","background-repeat":"repeat","background-position":"center center","background-size":"auto","background-attachment":"scroll","background-type":"","background-media":"","overlay-type":"","overlay-color":"","overlay-opacity":"","overlay-gradient":""}},"ast-content-background-meta":{"desktop":{"background-color":"var(--ast-global-color-5)","background-image":"","background-repeat":"repeat","background-position":"center center","background-size":"auto","background-attachment":"scroll","background-type":"","background-media":"","overlay-type":"","overlay-color":"","overlay-opacity":"","overlay-gradient":""},"tablet":{"background-color":"var(--ast-global-color-5)","background-image":"","background-repeat":"repeat","background-position":"center center","background-size":"auto","background-attachment":"scroll","background-type":"","background-media":"","overlay-type":"","overlay-color":"","overlay-opacity":"","overlay-gradient":""},"mobile":{"background-color":"var(--ast-global-color-5)","background-image":"","background-repeat":"repeat","background-position":"center center","background-size":"auto","background-attachment":"scroll","background-type":"","background-media":"","overlay-type":"","overlay-color":"","overlay-opacity":"","overlay-gradient":""}},"footnotes":""},"categories":[126],"tags":[],"class_list":["post-10452","post","type-post","status-publish","format-standard","has-post-thumbnail","hentry","category-policial"],"_links":{"self":[{"href":"https:\/\/jornalregionalms.com.br\/index.php?rest_route=\/wp\/v2\/posts\/10452","targetHints":{"allow":["GET"]}}],"collection":[{"href":"https:\/\/jornalregionalms.com.br\/index.php?rest_route=\/wp\/v2\/posts"}],"about":[{"href":"https:\/\/jornalregionalms.com.br\/index.php?rest_route=\/wp\/v2\/types\/post"}],"author":[{"embeddable":true,"href":"https:\/\/jornalregionalms.com.br\/index.php?rest_route=\/wp\/v2\/users\/12"}],"replies":[{"embeddable":true,"href":"https:\/\/jornalregionalms.com.br\/index.php?rest_route=%2Fwp%2Fv2%2Fcomments&post=10452"}],"version-history":[{"count":0,"href":"https:\/\/jornalregionalms.com.br\/index.php?rest_route=\/wp\/v2\/posts\/10452\/revisions"}],"wp:featuredmedia":[{"embeddable":true,"href":"https:\/\/jornalregionalms.com.br\/index.php?rest_route=\/wp\/v2\/media\/10453"}],"wp:attachment":[{"href":"https:\/\/jornalregionalms.com.br\/index.php?rest_route=%2Fwp%2Fv2%2Fmedia&parent=10452"}],"wp:term":[{"taxonomy":"category","embeddable":true,"href":"https:\/\/jornalregionalms.com.br\/index.php?rest_route=%2Fwp%2Fv2%2Fcategories&post=10452"},{"taxonomy":"post_tag","embeddable":true,"href":"https:\/\/jornalregionalms.com.br\/index.php?rest_route=%2Fwp%2Fv2%2Ftags&post=10452"}],"curies":[{"name":"wp","href":"https:\/\/api.w.org\/{rel}","templated":true}]}}