{"id":10450,"date":"2025-12-26T22:27:32","date_gmt":"2025-12-27T02:27:32","guid":{"rendered":"https:\/\/jornalregionalms.com.br\/?p=10450"},"modified":"2025-12-26T22:27:32","modified_gmt":"2025-12-27T02:27:32","slug":"juazeiro-do-norte-a-cidade-de-padre-cicero-vira-a-cidade-do-reisado","status":"publish","type":"post","link":"https:\/\/jornalregionalms.com.br\/?p=10450","title":{"rendered":"Juazeiro do Norte: a cidade de Padre C\u00edcero vira a cidade do reisado"},"content":{"rendered":"<p>A Pra\u00e7a Padre C\u00edcero, em Juazeiro do Norte (CE),\u00a0se transforma a partir de hoje\u00a0em palco das apresenta\u00e7\u00f5es da programa\u00e7\u00e3o do Ciclo de Reis, que este ano tem como tema <em>O Reinado da Tradi\u00e7\u00e3o<\/em>.\u00a0\u00a0<img decoding=\"async\" src=\"https:\/\/agenciabrasil.ebc.com.br\/ebc.png?id=1673436&#038;o=rss\"><img decoding=\"async\" src=\"https:\/\/agenciabrasil.ebc.com.br\/ebc.gif?id=1673436&#038;o=rss\"><\/p>\n<p>At\u00e9 a pr\u00f3xima segunda-feira (29), cerca de mil brincantes, de mais de 50 grupos far\u00e3o apresenta\u00e7\u00f5es abertas ao p\u00fablico,\u00a0sempre a partir das 16h.<\/p>\n<div class=\"dnd-widget-wrapper context-medio_4colunas type-image atom-align-left\">\n<div class=\"dnd-atom-rendered\"><!-- scald=410366:medio_4colunas {\"additionalClasses\":\"\"} --><br \/>\n            <img decoding=\"async\" src=\"https:\/\/agenciabrasil.ebc.com.br\/sites\/default\/files\/thumbnails\/image\/loading_v2.gif\" data-echo=\"https:\/\/imagens.ebc.com.br\/loeARwSmiz7wvwPhc2cOZdkDTQA=\/365x0\/smart\/https:\/\/agenciabrasil.ebc.com.br\/sites\/default\/files\/thumbnails\/image\/2025\/01\/05\/mestre_antonio_candido.jpeg?itok=1-ZYiH7O\" alt=\"Bras\u00edlia (DF), 05\/01\/2025 - Mestre Ant\u00f4nio C\u00e2ndido. Dia de Reis. Foto: Ant\u00f4nio C\u00e2ndido\/Arquivo Pessoal\" title=\"Ant\u00f4nio C\u00e2ndido\/Arquivo Pessoal\"><br \/>\n        <noscript><img decoding=\"async\" src=\"https:\/\/imagens.ebc.com.br\/loeARwSmiz7wvwPhc2cOZdkDTQA=\/365x0\/smart\/https:\/\/agenciabrasil.ebc.com.br\/sites\/default\/files\/thumbnails\/image\/2025\/01\/05\/mestre_antonio_candido.jpeg?itok=1-ZYiH7O\" alt=\"Bras\u00edlia (DF), 05\/01\/2025 - Mestre Ant\u00f4nio C\u00e2ndido. Dia de Reis. Foto: Ant\u00f4nio C\u00e2ndido\/Arquivo Pessoal\" title=\"Ant\u00f4nio C\u00e2ndido\/Arquivo Pessoal\"><\/noscript><br \/>\n    <!-- END scald=410366 --><\/div>\n<div class=\"dnd-caption-wrapper\">\n<div class=\"meta\">Ciclo de Reis em Juazeiro do Norte. Foto:\u00a0\u00a0<strong>Ant\u00f4nio C\u00e2ndido\/Arquivo Pessoal<\/strong><!--END copyright=410366--><\/div>\n<\/div>\n<\/div>\n<p>Roberto Viana, diretor de Patrim\u00f4nio da Secretaria Municipal de Cultura, lembra\u00a0que\u00a0 diversas \u00a0manifesta\u00e7\u00f5es\u00a0culturais celebram e fomentam a cultura, a identidade e a religiosidade da regi\u00e3o do Cariri cearense.<\/p>\n<p>&#8220;S\u00e3o grupos de Reisado, Guerreiro, Maneiro Pau, Coco, Batamarteiro, Lapinha, Bandas Caba\u00e7ais, v\u00e1rias outras diversidades de grupos que est\u00e3o aqui no nosso munic\u00edpio&#8221;.<\/p>\n<p>Roberto refor\u00e7a que o evento \u00e9 um momento em que aprendizado e a tradi\u00e7\u00e3o do fazer cultural e da identidade de cada folguedo \u00e9 compartilhada\u00a0com\u00a0o p\u00fablico.<\/p>\n<p>&#8220;De um lado, a educa\u00e7\u00e3o patrimonial, que faz com que estudantes, alunos, alunas e a comunidade geral possa ter contato com a mem\u00f3ria e a hist\u00f3ria desses grupos. Cada um desses grupos, no momento da sua experi\u00eancia cultural, realiza nos seus terreiros, nas suas casas, as suas tradi\u00e7\u00f5es. E o ciclo de reis \u00e9 um momento que engloba, que abra\u00e7a todas essas tradi\u00e7\u00f5es em uma grande mostra.<\/p>\n<div class=\"dnd-widget-wrapper context-medio_4colunas type-image atom-align-right\">\n<div class=\"dnd-atom-rendered\"><!-- scald=410365:medio_4colunas {\"additionalClasses\":\"\"} --><br \/>\n            <img decoding=\"async\" src=\"https:\/\/agenciabrasil.ebc.com.br\/sites\/default\/files\/thumbnails\/image\/loading_v2.gif\" data-echo=\"https:\/\/imagens.ebc.com.br\/Fr39Ukmqj74gjBAmqOF8eywN4M8=\/365x0\/smart\/https:\/\/agenciabrasil.ebc.com.br\/sites\/default\/files\/thumbnails\/image\/2025\/01\/05\/mestre_antonio_candido_2.jpeg?itok=E4csprJ4\" alt=\"Bras\u00edlia (DF), 05\/01\/2025 - Mestre Ant\u00f4nio C\u00e2ndido. Dia de Reis. Foto: Ant\u00f4nio C\u00e2ndido\/Arquivo Pessoal\" title=\"Ant\u00f4nio C\u00e2ndido\/Arquivo Pessoal\"><br \/>\n        <noscript><img decoding=\"async\" src=\"https:\/\/imagens.ebc.com.br\/Fr39Ukmqj74gjBAmqOF8eywN4M8=\/365x0\/smart\/https:\/\/agenciabrasil.ebc.com.br\/sites\/default\/files\/thumbnails\/image\/2025\/01\/05\/mestre_antonio_candido_2.jpeg?itok=E4csprJ4\" alt=\"Bras\u00edlia (DF), 05\/01\/2025 - Mestre Ant\u00f4nio C\u00e2ndido. Dia de Reis. Foto: Ant\u00f4nio C\u00e2ndido\/Arquivo Pessoal\" title=\"Ant\u00f4nio C\u00e2ndido\/Arquivo Pessoal\"><\/noscript><br \/>\n    <!-- END scald=410365 --><\/div>\n<div class=\"dnd-caption-wrapper\">\n<div class=\"meta\">Mestre Ant\u00f4nio C\u00e2ndido em Dia de Reis, no Juazeiro do Norte. Foto: <strong>Arquivo Pessoal<\/strong><!--END copyright=410365--><\/div>\n<\/div>\n<\/div>\n<p>No pr\u00f3ximo Dia de Reis, celebrado em 6 de janeiro,\u00a0lapinhas e a tradicional queima de palhas, na resid\u00eancia da Mestra Vanda, marcar\u00e3o o fechamento desse ciclo t\u00e3o simb\u00f3lico para cat\u00f3licos e para os fazedores da cultura popular.<\/p>\n<p>No site e redes sociais da Prefeitura de Juazeiro do Norte \u00e9 poss\u00edvel saber detalhes da programa\u00e7\u00e3o dia a dia.<\/p>\n<p>  <span class=\"hms hms-format-m-ss\">2:19<\/span><\/p>\n","protected":false},"excerpt":{"rendered":"<p>A Pra\u00e7a Padre C\u00edcero, em Juazeiro do Norte (CE),\u00a0se transforma a partir de hoje\u00a0em palco das apresenta\u00e7\u00f5es da programa\u00e7\u00e3o do Ciclo de Reis, que este ano tem como tema O Reinado da Tradi\u00e7\u00e3o.\u00a0\u00a0 At\u00e9 a pr\u00f3xima segunda-feira (29), cerca de mil brincantes, de mais de 50 grupos far\u00e3o apresenta\u00e7\u00f5es abertas ao p\u00fablico,\u00a0sempre a partir das [&hellip;]<\/p>\n","protected":false},"author":27,"featured_media":10451,"comment_status":"open","ping_status":"open","sticky":false,"template":"","format":"standard","meta":{"site-sidebar-layout":"default","site-content-layout":"","ast-site-content-layout":"","site-content-style":"default","site-sidebar-style":"default","ast-global-header-display":"","ast-banner-title-visibility":"","ast-main-header-display":"","ast-hfb-above-header-display":"","ast-hfb-below-header-display":"","ast-hfb-mobile-header-display":"","site-post-title":"","ast-breadcrumbs-content":"","ast-featured-img":"","footer-sml-layout":"","theme-transparent-header-meta":"","adv-header-id-meta":"","stick-header-meta":"","header-above-stick-meta":"","header-main-stick-meta":"","header-below-stick-meta":"","astra-migrate-meta-layouts":"default","ast-page-background-enabled":"default","ast-page-background-meta":{"desktop":{"background-color":"var(--ast-global-color-4)","background-image":"","background-repeat":"repeat","background-position":"center center","background-size":"auto","background-attachment":"scroll","background-type":"","background-media":"","overlay-type":"","overlay-color":"","overlay-opacity":"","overlay-gradient":""},"tablet":{"background-color":"","background-image":"","background-repeat":"repeat","background-position":"center center","background-size":"auto","background-attachment":"scroll","background-type":"","background-media":"","overlay-type":"","overlay-color":"","overlay-opacity":"","overlay-gradient":""},"mobile":{"background-color":"","background-image":"","background-repeat":"repeat","background-position":"center center","background-size":"auto","background-attachment":"scroll","background-type":"","background-media":"","overlay-type":"","overlay-color":"","overlay-opacity":"","overlay-gradient":""}},"ast-content-background-meta":{"desktop":{"background-color":"var(--ast-global-color-5)","background-image":"","background-repeat":"repeat","background-position":"center center","background-size":"auto","background-attachment":"scroll","background-type":"","background-media":"","overlay-type":"","overlay-color":"","overlay-opacity":"","overlay-gradient":""},"tablet":{"background-color":"var(--ast-global-color-5)","background-image":"","background-repeat":"repeat","background-position":"center center","background-size":"auto","background-attachment":"scroll","background-type":"","background-media":"","overlay-type":"","overlay-color":"","overlay-opacity":"","overlay-gradient":""},"mobile":{"background-color":"var(--ast-global-color-5)","background-image":"","background-repeat":"repeat","background-position":"center center","background-size":"auto","background-attachment":"scroll","background-type":"","background-media":"","overlay-type":"","overlay-color":"","overlay-opacity":"","overlay-gradient":""}},"footnotes":""},"categories":[1],"tags":[],"class_list":["post-10450","post","type-post","status-publish","format-standard","has-post-thumbnail","hentry","category-sem-categoria"],"_links":{"self":[{"href":"https:\/\/jornalregionalms.com.br\/index.php?rest_route=\/wp\/v2\/posts\/10450","targetHints":{"allow":["GET"]}}],"collection":[{"href":"https:\/\/jornalregionalms.com.br\/index.php?rest_route=\/wp\/v2\/posts"}],"about":[{"href":"https:\/\/jornalregionalms.com.br\/index.php?rest_route=\/wp\/v2\/types\/post"}],"author":[{"embeddable":true,"href":"https:\/\/jornalregionalms.com.br\/index.php?rest_route=\/wp\/v2\/users\/27"}],"replies":[{"embeddable":true,"href":"https:\/\/jornalregionalms.com.br\/index.php?rest_route=%2Fwp%2Fv2%2Fcomments&post=10450"}],"version-history":[{"count":0,"href":"https:\/\/jornalregionalms.com.br\/index.php?rest_route=\/wp\/v2\/posts\/10450\/revisions"}],"wp:featuredmedia":[{"embeddable":true,"href":"https:\/\/jornalregionalms.com.br\/index.php?rest_route=\/wp\/v2\/media\/10451"}],"wp:attachment":[{"href":"https:\/\/jornalregionalms.com.br\/index.php?rest_route=%2Fwp%2Fv2%2Fmedia&parent=10450"}],"wp:term":[{"taxonomy":"category","embeddable":true,"href":"https:\/\/jornalregionalms.com.br\/index.php?rest_route=%2Fwp%2Fv2%2Fcategories&post=10450"},{"taxonomy":"post_tag","embeddable":true,"href":"https:\/\/jornalregionalms.com.br\/index.php?rest_route=%2Fwp%2Fv2%2Ftags&post=10450"}],"curies":[{"name":"wp","href":"https:\/\/api.w.org\/{rel}","templated":true}]}}