{"id":10436,"date":"2025-12-26T10:28:12","date_gmt":"2025-12-26T14:28:12","guid":{"rendered":"https:\/\/jornalregionalms.com.br\/?p=10436"},"modified":"2025-12-26T10:28:12","modified_gmt":"2025-12-26T14:28:12","slug":"juros-do-credito-pessoal-e-cartao-rotativo-avancam-para-as-familias","status":"publish","type":"post","link":"https:\/\/jornalregionalms.com.br\/?p=10436","title":{"rendered":"Juros do cr\u00e9dito pessoal e cart\u00e3o rotativo avan\u00e7am para as fam\u00edlias"},"content":{"rendered":"<\/p>\n<p><a class=\"\" href=\"https:\/\/agenciabrasil.ebc.com.br\/economia\/noticia\/2025-12\/juros-do-credito-pessoal-e-cartao-rotativo-avancam-para-familias\"><br \/>\n                    <img decoding=\"async\" src=\"https:\/\/cdn.jsdelivr.net\/gh\/sergiosdlima\/assets-ebc@1.0.0\/abr\/assets\/images\/logo-agenciabrasil.svg\" alt=\"Logo Ag\u00eancia Brasil\"><br \/>\n\t\t\t\t<\/a><\/p>\n<p>As taxas m\u00e9dias de juros cobradas pelos bancos subiram para as fam\u00edlias e ca\u00edram para as empresas em novembro, de acordo com as <a href=\"https:\/\/www.bcb.gov.br\/estatisticas\/estatisticasmonetariascredito\" target=\"_blank\">Estat\u00edsticas Monet\u00e1rias e de Cr\u00e9dito<\/a>, divulgadas nesta sexta-feira (26), pelo Banco Central (BC).<img decoding=\"async\" src=\"https:\/\/agenciabrasil.ebc.com.br\/ebc.png?id=1673417&#038;o=rss\"><img decoding=\"async\" src=\"https:\/\/agenciabrasil.ebc.com.br\/ebc.gif?id=1673417&#038;o=rss\"><\/p>\n<p>Nas opera\u00e7\u00f5es de cr\u00e9dito livre para pessoas f\u00edsicas, o destaque do m\u00eas foram os avan\u00e7os de 5,5 pontos percentuais (pp) nas contrata\u00e7\u00f5es de cr\u00e9dito pessoal n\u00e3o consignado, que subiram para 106,6% ao ano, e de 3,2 pp no cart\u00e3o de cr\u00e9dito parcelado, que ficou em 181,2% ao ano. <strong>Tamb\u00e9m houve aumento de 0,7 pp na taxa do cart\u00e3o de cr\u00e9dito rotativo, chegando a 440,5% ao ano.<\/strong><\/p>\n<\/p>\n<h3>Not\u00edcias relacionadas:<\/h3>\n<ul>\n<li><a href=\"https:\/\/agenciabrasil.ebc.com.br\/justica\/noticia\/2025-12\/moraes-diz-que-reunioes-com-bc-trataram-da-aplicacao-da-lei-magnitsky\">Moraes diz que reuni\u00f5es com BC trataram da aplica\u00e7\u00e3o da Lei Magnitsky .<\/a><\/li>\n<li><a href=\"https:\/\/agenciabrasil.ebc.com.br\/politica\/noticia\/2025-12\/gleise-culpa-selic-pela-divida-publica-e-nao-despesas-do-governo\">Gleise culpa Selic pela d\u00edvida p\u00fablica e n\u00e3o as despesas do governo.<\/a><\/li>\n<li><a href=\"https:\/\/agenciabrasil.ebc.com.br\/economia\/noticia\/2025-12\/expectativa-externa-nao-deve-guiar-metas-para-2026-diz-especialista\">Expectativa externa n\u00e3o deve guiar metas para 2026, diz especialista.<\/a><\/li>\n<\/ul>\n<p>Essa \u00faltima modalidade \u00e9 uma das mais altas do mercado. Mesmo com a limita\u00e7\u00e3o de cobran\u00e7a dos juros do rotativo\u00a0\u2500 <a href=\"https:\/\/agenciabrasil.ebc.com.br\/economia\/noticia\/2024-01\/teto-do-rotativo-reduz-endividamento-mas-juros-continuam-altos\" target=\"_blank\">em vigor desde janeiro do ano passado<\/a> \u2500 os juros seguem variando, com redu\u00e7\u00e3o de 5,4 pp em 12 meses para as fam\u00edlias. Isso porque a medida visa reduzir o endividamento, mas n\u00e3o afeta a taxa de juros pactuada no momento da contrata\u00e7\u00e3o do cr\u00e9dito.<\/p>\n<p>O cr\u00e9dito rotativo dura 30 dias e \u00e9 tomado pelo consumidor quando paga menos que o valor integral da fatura do cart\u00e3o de cr\u00e9dito, pagando a parcela m\u00ednima, por exemplo. Ou seja, contrai um empr\u00e9stimo e come\u00e7a a pagar juros sobre o valor que n\u00e3o conseguiu quitar.<\/p>\n<p>Ap\u00f3s os 30 dias, as institui\u00e7\u00f5es financeiras parcelam a d\u00edvida do cart\u00e3o de cr\u00e9dito, com a modalidade do cart\u00e3o parcelado. Nesse caso, mesmo com o aumento de novembro, tamb\u00e9m houve redu\u00e7\u00e3o de 2 pp em doses meses.<\/p>\n<p>J\u00e1 para o cr\u00e9dito pessoal n\u00e3o consignado, que foi um dos destaques de aumento no m\u00eas, a alta dos juros em 12 meses chega a 7,3 pp.<\/p>\n<p>No total, <strong>a taxa m\u00e9dia de juros das concess\u00f5es de cr\u00e9dito livre para fam\u00edlias teve aumento de 0,9 pp em novembro, acumulando alta de 6,2 pp em 12 meses e chegando a 59,4% ao ano<\/strong>.<\/p>\n<p>No caso das opera\u00e7\u00f5es com empresas, os juros m\u00e9dios nas novas contrata\u00e7\u00f5es de cr\u00e9dito livre tiveram redu\u00e7\u00e3o de 0,6 pp no m\u00eas, e aumento de 2,8 pp em 12 meses, alcan\u00e7ando 24,5%.<\/p>\n<p>Destaca-se, nesse cen\u00e1rio, a queda mensal de 0,7 pp nos juros de desconto de duplicatas e outros receb\u00edveis, que ficou em 19,3% ao ano, e tamb\u00e9m a de 0,7 pp na taxa das opera\u00e7\u00f5es de capital de giro com prazo superior da 365 dias, que chegou a 21,8% ao ano.<\/p>\n<p>No cr\u00e9dito livre, os bancos t\u00eam autonomia para emprestar o dinheiro captado no mercado e definir as taxas de juros cobradas dos clientes. J\u00e1 o cr\u00e9dito direcionado \u2500 com regras definidas pelo governo \u2500 \u00e9 destinado basicamente aos setores habitacional, rural, de infraestrutura e ao microcr\u00e9dito.<\/p>\n<p>No caso do cr\u00e9dito direcionado, a taxa para pessoas f\u00edsicas ficou em 10,9% ao ano em novembro, com estabilidade em rela\u00e7\u00e3o a outubro e aumento de 1 pp em 12 meses. Para empresas, a taxa caiu 2,1 pp no m\u00eas e 0,7 pp em 12 meses, indo para 11,8% ao ano.<\/p>\n<p>\u00a0<\/p>\n<div class=\"dnd-widget-wrapper context-cheio_8colunas type-image\">\n<div class=\"dnd-atom-rendered\"><!-- scald=248020:cheio_8colunas --><br \/>\n            <img decoding=\"async\" src=\"https:\/\/agenciabrasil.ebc.com.br\/sites\/default\/files\/thumbnails\/image\/loading_v2.gif\" data-echo=\"https:\/\/imagens.ebc.com.br\/Dh9nMUSQAbxwIKtSB8jlFgiJDQE=\/754x0\/smart\/https:\/\/agenciabrasil.ebc.com.br\/sites\/default\/files\/thumbnails\/image\/compra_online2411203173.jpg?itok=HwSHeaAN\" alt=\"Com\u00e9rcio eletr\u00f4nico,Cart\u00e3o de Cr\u00e9dito\nFoto: Marcello Casal Jr\/Ag\u00eancia Brasil\/Arquivo\" title=\"Marcello Casal Jr\/Ag\u00eancia Brasil\/Arquivo\"><br \/>\n        <noscript><img decoding=\"async\" src=\"https:\/\/imagens.ebc.com.br\/Dh9nMUSQAbxwIKtSB8jlFgiJDQE=\/754x0\/smart\/https:\/\/agenciabrasil.ebc.com.br\/sites\/default\/files\/thumbnails\/image\/compra_online2411203173.jpg?itok=HwSHeaAN\" alt=\"Com\u00e9rcio eletr\u00f4nico,Cart\u00e3o de Cr\u00e9dito\nFoto: Marcello Casal Jr\/Ag\u00eancia Brasil\/Arquivo\" title=\"Marcello Casal Jr\/Ag\u00eancia Brasil\/Arquivo\"><\/noscript><br \/>\n    <!-- END scald=248020 --><\/div>\n<div class=\"dnd-caption-wrapper\">\n<h6 class=\"meta\"><!--copyright=248020-->Juros do cr\u00e9dito rotativo, do cart\u00e3o de cr\u00e9dito, s\u00e3o os mais elevados. Foto: Marcello Casal Jr\/Ag\u00eancia Brasil\/Arquivo\u00a0<!--END copyright=248020--><\/h6>\n<\/div>\n<\/div>\n<h2>Juros em alta<\/h2>\n<p>Com isso, considerando recursos livres e direcionados, para fam\u00edlias e empresas, a taxa m\u00e9dia de juros das concess\u00f5es em novembro teve incremento de 0,1 pp no m\u00eas\u00a0e de 3,5 pp em 12 meses, atingindo 31,9% ao ano.<\/p>\n<p>Como esperado, <a href=\"https:\/\/agenciabrasil.ebc.com.br\/economia\/noticia\/2025-12\/bc-mantem-juros-basicos-em-15-ao-ano-pela-quarta-vez-seguida\" target=\"_blank\">a alta dos juros banc\u00e1rios acompanha o ciclo de eleva\u00e7\u00e3o da taxa b\u00e1sica de juros da economia, a Selic, definida em 15% ao ano pelo Comit\u00ea de Pol\u00edtica Monet\u00e1ria (Copom) do BC<\/a>. A Selic \u00e9 o principal instrumento usado pelo Banco Central para controlar a infla\u00e7\u00e3o.<\/p>\n<p>Ao aumentar a taxa, o BC visa esfriar a demanda e conter a infla\u00e7\u00e3o, porque os juros mais altos encarecem o cr\u00e9dito e estimulam a poupan\u00e7a, fazendo com que as pessoas consumam menos,\u00a0e com que os pre\u00e7os subam menos. A taxa b\u00e1sica de juros est\u00e1 no maior n\u00edvel desde julho de 2006, quando estava em 15,25% ao ano.<\/p>\n<p>Da mesma forma, o <em>spread<\/em> banc\u00e1rio apresentou alta de 0,3 pp no m\u00eas\u00a0e de 2,5 pp em 12 meses. Ele mede a diferen\u00e7a entre o custo de capta\u00e7\u00e3o dos recursos pelos bancos e as taxas m\u00e9dias cobradas dos clientes. O spread \u00e9 uma margem que cobre custos operacionais, riscos de inadimpl\u00eancia, impostos e outros gastos e resulta, assim, no lucro dos bancos.<\/p>\n<h2>Desacelera\u00e7\u00e3o no saldo<\/h2>\n<p>Em novembro, as concess\u00f5es de cr\u00e9dito chegaram a R$ 637,5 bilh\u00f5es, com recuo de 6,6%. Nas s\u00e9ries sazonalmente ajustadas, elas ca\u00edram 1,4% no m\u00eas, com redu\u00e7\u00f5es de 2,2% nas opera\u00e7\u00f5es com pessoas jur\u00eddicas e de 0,6% com as fam\u00edlias. Em 12 meses, as concess\u00f5es nominais cresceram 8,9%, com altas de 9,8% no segmento de pessoas jur\u00eddicas e de 8,3% para pessoas f\u00edsicas.<\/p>\n<p>Com isso, <strong>o estoque de todos os empr\u00e9stimos concedidos pelos bancos do Sistema Financeiro Nacional (SFN) ficou em R$ 6,971 trilh\u00f5es, um crescimento de 0,9% em rela\u00e7\u00e3o a outubro.<\/strong> Esse resultado decorreu das expans\u00f5es de 0,3% e de 1,2% das carteiras de cr\u00e9dito para pessoas jur\u00eddicas e fam\u00edlias, respectivamente, cujos saldos fecharam o m\u00eas em R$ 2,606 trilh\u00f5es e R$ 4,364 trilh\u00f5es, na mesma ordem.<\/p>\n<p>Em 12 meses, o estoque de cr\u00e9dito do SFN permaneceu em trajet\u00f3ria de desacelera\u00e7\u00e3o, com incremento de 9,5% ante 10,2% nos 12 meses at\u00e9 outubro deste ano.<\/p>\n<p>O cr\u00e9dito ampliado ao setor n\u00e3o financeiro \u2500 que \u00e9 o cr\u00e9dito dispon\u00edvel para empresas, fam\u00edlias e governos, independentemente da fonte (banc\u00e1rio, mercado de t\u00edtulos ou d\u00edvida externa) \u2500 alcan\u00e7ou R$ 20,341 trilh\u00f5es, com aumento de 1,4% no m\u00eas, refletindo acr\u00e9scimos de 2,6% nos t\u00edtulos p\u00fablicos de d\u00edvida e de 0,8% nos empr\u00e9stimos do SFN.<\/p>\n<p>Em 12 meses, o cr\u00e9dito ampliado cresceu 11,2%, com avan\u00e7os de 19,6% nos t\u00edtulos p\u00fablicos de d\u00edvida e de 9,2% nos empr\u00e9stimos do SFN.<\/p>\n<h2>Endividamento das fam\u00edlias<\/h2>\n<p>Segundo o Banco Central, a inadimpl\u00eancia \u2500 atrasos acima de 90 dias \u2500 foi de\u00a03,8% em novembro, sendo 4,7% nas opera\u00e7\u00f5es para pessoas f\u00edsicas e 2,3% com pessoas jur\u00eddicas.<\/p>\n<p><strong>O endividamento das fam\u00edlias \u2500 rela\u00e7\u00e3o entre o saldo das d\u00edvidas e a renda acumulada em 12 meses \u2500 ficou em 49,3% em outubro, aumento de 0,2 pp no m\u00eas e de 1,2 pp em 12 meses. <\/strong>Com a exclus\u00e3o do financiamento imobili\u00e1rio, que pega um montante consider\u00e1vel da renda, o endividamento ficou em 30,9% no pen\u00faltimo m\u00eas do ano.<\/p>\n<p>J\u00e1 o comprometimento da renda \u2500 rela\u00e7\u00e3o entre o valor m\u00e9dio para pagamento das d\u00edvidas e a renda m\u00e9dia apurada no per\u00edodo \u2500 ficou em 29,4% em outubro, aumento de 0,6 pp na passagem do m\u00eas e 2,2 pp em 12 meses.<\/p>\n<p>Os dois \u00faltimos indicadores s\u00e3o apresentados com uma defasagem maior do m\u00eas de divulga\u00e7\u00e3o, pois o Banco Central usa dados da Pesquisa Nacional por Amostra de Domic\u00edlio (Pnad), do Instituto Brasileiro de Geografia e Estat\u00edstica (IBGE).<\/p>\n","protected":false},"excerpt":{"rendered":"<p>As taxas m\u00e9dias de juros cobradas pelos bancos subiram para as fam\u00edlias e ca\u00edram para as empresas em novembro, de acordo com as Estat\u00edsticas Monet\u00e1rias e de Cr\u00e9dito, divulgadas nesta sexta-feira (26), pelo Banco Central (BC). Nas opera\u00e7\u00f5es de cr\u00e9dito livre para pessoas f\u00edsicas, o destaque do m\u00eas foram os avan\u00e7os de 5,5 pontos percentuais [&hellip;]<\/p>\n","protected":false},"author":1,"featured_media":10437,"comment_status":"open","ping_status":"open","sticky":false,"template":"","format":"standard","meta":{"site-sidebar-layout":"default","site-content-layout":"","ast-site-content-layout":"","site-content-style":"default","site-sidebar-style":"default","ast-global-header-display":"","ast-banner-title-visibility":"","ast-main-header-display":"","ast-hfb-above-header-display":"","ast-hfb-below-header-display":"","ast-hfb-mobile-header-display":"","site-post-title":"","ast-breadcrumbs-content":"","ast-featured-img":"","footer-sml-layout":"","theme-transparent-header-meta":"","adv-header-id-meta":"","stick-header-meta":"","header-above-stick-meta":"","header-main-stick-meta":"","header-below-stick-meta":"","astra-migrate-meta-layouts":"default","ast-page-background-enabled":"default","ast-page-background-meta":{"desktop":{"background-color":"var(--ast-global-color-4)","background-image":"","background-repeat":"repeat","background-position":"center center","background-size":"auto","background-attachment":"scroll","background-type":"","background-media":"","overlay-type":"","overlay-color":"","overlay-opacity":"","overlay-gradient":""},"tablet":{"background-color":"","background-image":"","background-repeat":"repeat","background-position":"center center","background-size":"auto","background-attachment":"scroll","background-type":"","background-media":"","overlay-type":"","overlay-color":"","overlay-opacity":"","overlay-gradient":""},"mobile":{"background-color":"","background-image":"","background-repeat":"repeat","background-position":"center center","background-size":"auto","background-attachment":"scroll","background-type":"","background-media":"","overlay-type":"","overlay-color":"","overlay-opacity":"","overlay-gradient":""}},"ast-content-background-meta":{"desktop":{"background-color":"var(--ast-global-color-5)","background-image":"","background-repeat":"repeat","background-position":"center center","background-size":"auto","background-attachment":"scroll","background-type":"","background-media":"","overlay-type":"","overlay-color":"","overlay-opacity":"","overlay-gradient":""},"tablet":{"background-color":"var(--ast-global-color-5)","background-image":"","background-repeat":"repeat","background-position":"center center","background-size":"auto","background-attachment":"scroll","background-type":"","background-media":"","overlay-type":"","overlay-color":"","overlay-opacity":"","overlay-gradient":""},"mobile":{"background-color":"var(--ast-global-color-5)","background-image":"","background-repeat":"repeat","background-position":"center center","background-size":"auto","background-attachment":"scroll","background-type":"","background-media":"","overlay-type":"","overlay-color":"","overlay-opacity":"","overlay-gradient":""}},"footnotes":""},"categories":[126],"tags":[],"class_list":["post-10436","post","type-post","status-publish","format-standard","has-post-thumbnail","hentry","category-policial"],"_links":{"self":[{"href":"https:\/\/jornalregionalms.com.br\/index.php?rest_route=\/wp\/v2\/posts\/10436","targetHints":{"allow":["GET"]}}],"collection":[{"href":"https:\/\/jornalregionalms.com.br\/index.php?rest_route=\/wp\/v2\/posts"}],"about":[{"href":"https:\/\/jornalregionalms.com.br\/index.php?rest_route=\/wp\/v2\/types\/post"}],"author":[{"embeddable":true,"href":"https:\/\/jornalregionalms.com.br\/index.php?rest_route=\/wp\/v2\/users\/1"}],"replies":[{"embeddable":true,"href":"https:\/\/jornalregionalms.com.br\/index.php?rest_route=%2Fwp%2Fv2%2Fcomments&post=10436"}],"version-history":[{"count":0,"href":"https:\/\/jornalregionalms.com.br\/index.php?rest_route=\/wp\/v2\/posts\/10436\/revisions"}],"wp:featuredmedia":[{"embeddable":true,"href":"https:\/\/jornalregionalms.com.br\/index.php?rest_route=\/wp\/v2\/media\/10437"}],"wp:attachment":[{"href":"https:\/\/jornalregionalms.com.br\/index.php?rest_route=%2Fwp%2Fv2%2Fmedia&parent=10436"}],"wp:term":[{"taxonomy":"category","embeddable":true,"href":"https:\/\/jornalregionalms.com.br\/index.php?rest_route=%2Fwp%2Fv2%2Fcategories&post=10436"},{"taxonomy":"post_tag","embeddable":true,"href":"https:\/\/jornalregionalms.com.br\/index.php?rest_route=%2Fwp%2Fv2%2Ftags&post=10436"}],"curies":[{"name":"wp","href":"https:\/\/api.w.org\/{rel}","templated":true}]}}