{"id":10434,"date":"2025-12-26T10:28:07","date_gmt":"2025-12-26T14:28:07","guid":{"rendered":"https:\/\/jornalregionalms.com.br\/?p=10434"},"modified":"2025-12-26T10:28:07","modified_gmt":"2025-12-26T14:28:07","slug":"ccbb-brasilia-exibe-exposicao-sobre-a-cultura-dos-memes","status":"publish","type":"post","link":"https:\/\/jornalregionalms.com.br\/?p=10434","title":{"rendered":"CCBB Bras\u00edlia exibe exposi\u00e7\u00e3o sobre a cultura dos memes"},"content":{"rendered":"<p>A divertida cultura dos\u00a0memes, imagens t\u00edpicas da Internet geralmente em tom de humor ou cr\u00edtica social, \u00e9 o tema de uma grande exposi\u00e7\u00e3o no Centro Cultural Banco do Brasil Bras\u00edlia.<img decoding=\"async\" src=\"https:\/\/agenciabrasil.ebc.com.br\/ebc.png?id=1673411&#038;o=rss\"><img decoding=\"async\" src=\"https:\/\/agenciabrasil.ebc.com.br\/ebc.gif?id=1673411&#038;o=rss\"><\/p>\n<p>Organizada em seis n\u00facleos, a mostra \u201cMEME: no Br@sil da\u00a0memefica\u00e7\u00e3o\u201d investiga essas imagens e v\u00eddeos como forma de linguagem, cr\u00edtica, afeto coletivo e produ\u00e7\u00e3o est\u00e9tica.<\/p>\n<p>Entre as atra\u00e7\u00f5es est\u00e3o esculturas, figurinos, quadrinhos, pinturas, instala\u00e7\u00f5es sonoras e experi\u00eancias interativas, que refletem e exploram essa forma criativa de comunica\u00e7\u00e3o.<\/p>\n<p>Ao lado de criadores de conte\u00fado, o projeto coloca nomes consagrados da arte contempor\u00e2nea brasileira, entre eles,\u00a0Anna Maria Maiolino, Gretta Sarfaty, Nelson Leirner\u00a0e\u00a0Claudio Tozzi.<\/p>\n<p>\u00a0A curadora da mostra, Clarissa Diniz, explica como surgiu o projeto&#8230;\u00a0<\/p>\n<blockquote>\n<p>\u201cA ideia da exposi\u00e7\u00e3o nasceu da nossa observa\u00e7\u00e3o cotidiana, enquanto artistas e curadores do protagonismo que os\u00a0memes foram adquirindo ao longo a\u00ed mais ou menos nessa \u00faltima d\u00e9cada, dos \u00faltimos 15 e 20 anos no Brasil, em especial a partir da pandemia do covid-19, quando n\u00f3s nos vimos muito reduzidos ao espa\u00e7o da tela, o espa\u00e7o da comunica\u00e7\u00e3o digital\u201d.<\/p>\n<\/blockquote>\n<p>\u00a0Clarissa Diniz fala tamb\u00e9m sobre o processo de curadoria da exposi\u00e7\u00e3o&#8230;<\/p>\n<blockquote>\n<p>\u201cA curadoria foi realizada a partir do cruzamento da reuni\u00e3o e da articula\u00e7\u00e3o do di\u00e1logo entre o que a gente poderia chamar tipicamente como\u00a0memes, mas tamb\u00e9m express\u00f5es que tem muito a ver com memifica\u00e7\u00e3o, mas n\u00e3o s\u00e3o necessariamente consideradas\u00a0memes. Como express\u00f5es culturais, a exemplo do carnaval, fatos pol\u00edticos, como a elei\u00e7\u00e3o do bode Ioi\u00f3 em 1922 em Fortaleza, ou mesmo obras de artes mais cl\u00e1ssicas\u00a0que a gente costuma ver em museus e em cole\u00e7\u00f5es\u201d.<\/p>\n<\/blockquote>\n<p>Personalidades pol\u00edticas que, desde os anos 80, v\u00eam sendo parodiadas por programas como\u00a0TV Pirata\u00a0e, mais recentemente, em esquetes do\u00a0Porta dos Fundos,\u00a0n\u00e3o ficaram de fora desta sele\u00e7\u00e3o.<\/p>\n<p>\u00a0A curadora destaca a reflex\u00e3o que o trabalho desperta nos visitantes.<\/p>\n<blockquote>\n<p>\u201cAcredito que a exposi\u00e7\u00e3o tamb\u00e9m faz uma reflex\u00e3o significativa sobre o papel do humor, a dimens\u00e3o pol\u00edtica e as responsabilidades sociais e \u00e9ticas da pr\u00e1tica do humor, tanto historicamente quanto hoje.\u00a0Temos visto a\u00ed uma ascens\u00e3o de muitos humoristas, dentro e fora das redes, mas em especial nas redes, no ambiente digital\u201d.<\/p>\n<\/blockquote>\n<p>\u00a0Ela aponta ainda a receptividade que a mostra tem tido por onde passa.<\/p>\n<blockquote>\n<p>\u201cTem sido bastante positiva. \u00c9 muito interessante perceber como os\u00a0memes dialogam com diferentes comunidades, diferentes grupos sociais, n\u00e3o s\u00f3 recortes geracionais, mas tamb\u00e9m recortes sociais de classe.\u00a0E mesmo recortes de g\u00eanero, ent\u00e3o, t\u00eam sido muito interessante ver como esses diferentes grupos v\u00e3o destacando, sublinhando, se relacionando com partes espec\u00edficas da exposi\u00e7\u00e3o\u201d.<\/p>\n<\/blockquote>\n<p>\u00a0\u201cMEME: no Br@sil da\u00a0memefica\u00e7\u00e3o\u201d tem entrada franca e fica em cartaz no CCBB Bras\u00edlia at\u00e9 1\u00ba de mar\u00e7o. A mostra, que j\u00e1 passou por S\u00e3o Paulo, segue depois para Belo Horizonte e Rio de Janeiro.<\/p>\n<p>  <span class=\"hms hms-format-m-ss\">3:43<\/span><\/p>\n","protected":false},"excerpt":{"rendered":"<p>A divertida cultura dos\u00a0memes, imagens t\u00edpicas da Internet geralmente em tom de humor ou cr\u00edtica social, \u00e9 o tema de uma grande exposi\u00e7\u00e3o no Centro Cultural Banco do Brasil Bras\u00edlia. Organizada em seis n\u00facleos, a mostra \u201cMEME: no Br@sil da\u00a0memefica\u00e7\u00e3o\u201d investiga essas imagens e v\u00eddeos como forma de linguagem, cr\u00edtica, afeto coletivo e produ\u00e7\u00e3o est\u00e9tica. [&hellip;]<\/p>\n","protected":false},"author":24,"featured_media":10435,"comment_status":"open","ping_status":"open","sticky":false,"template":"","format":"standard","meta":{"site-sidebar-layout":"default","site-content-layout":"","ast-site-content-layout":"","site-content-style":"default","site-sidebar-style":"default","ast-global-header-display":"","ast-banner-title-visibility":"","ast-main-header-display":"","ast-hfb-above-header-display":"","ast-hfb-below-header-display":"","ast-hfb-mobile-header-display":"","site-post-title":"","ast-breadcrumbs-content":"","ast-featured-img":"","footer-sml-layout":"","theme-transparent-header-meta":"","adv-header-id-meta":"","stick-header-meta":"","header-above-stick-meta":"","header-main-stick-meta":"","header-below-stick-meta":"","astra-migrate-meta-layouts":"default","ast-page-background-enabled":"default","ast-page-background-meta":{"desktop":{"background-color":"var(--ast-global-color-4)","background-image":"","background-repeat":"repeat","background-position":"center center","background-size":"auto","background-attachment":"scroll","background-type":"","background-media":"","overlay-type":"","overlay-color":"","overlay-opacity":"","overlay-gradient":""},"tablet":{"background-color":"","background-image":"","background-repeat":"repeat","background-position":"center center","background-size":"auto","background-attachment":"scroll","background-type":"","background-media":"","overlay-type":"","overlay-color":"","overlay-opacity":"","overlay-gradient":""},"mobile":{"background-color":"","background-image":"","background-repeat":"repeat","background-position":"center center","background-size":"auto","background-attachment":"scroll","background-type":"","background-media":"","overlay-type":"","overlay-color":"","overlay-opacity":"","overlay-gradient":""}},"ast-content-background-meta":{"desktop":{"background-color":"var(--ast-global-color-5)","background-image":"","background-repeat":"repeat","background-position":"center center","background-size":"auto","background-attachment":"scroll","background-type":"","background-media":"","overlay-type":"","overlay-color":"","overlay-opacity":"","overlay-gradient":""},"tablet":{"background-color":"var(--ast-global-color-5)","background-image":"","background-repeat":"repeat","background-position":"center center","background-size":"auto","background-attachment":"scroll","background-type":"","background-media":"","overlay-type":"","overlay-color":"","overlay-opacity":"","overlay-gradient":""},"mobile":{"background-color":"var(--ast-global-color-5)","background-image":"","background-repeat":"repeat","background-position":"center center","background-size":"auto","background-attachment":"scroll","background-type":"","background-media":"","overlay-type":"","overlay-color":"","overlay-opacity":"","overlay-gradient":""}},"footnotes":""},"categories":[1],"tags":[],"class_list":["post-10434","post","type-post","status-publish","format-standard","has-post-thumbnail","hentry","category-sem-categoria"],"_links":{"self":[{"href":"https:\/\/jornalregionalms.com.br\/index.php?rest_route=\/wp\/v2\/posts\/10434","targetHints":{"allow":["GET"]}}],"collection":[{"href":"https:\/\/jornalregionalms.com.br\/index.php?rest_route=\/wp\/v2\/posts"}],"about":[{"href":"https:\/\/jornalregionalms.com.br\/index.php?rest_route=\/wp\/v2\/types\/post"}],"author":[{"embeddable":true,"href":"https:\/\/jornalregionalms.com.br\/index.php?rest_route=\/wp\/v2\/users\/24"}],"replies":[{"embeddable":true,"href":"https:\/\/jornalregionalms.com.br\/index.php?rest_route=%2Fwp%2Fv2%2Fcomments&post=10434"}],"version-history":[{"count":0,"href":"https:\/\/jornalregionalms.com.br\/index.php?rest_route=\/wp\/v2\/posts\/10434\/revisions"}],"wp:featuredmedia":[{"embeddable":true,"href":"https:\/\/jornalregionalms.com.br\/index.php?rest_route=\/wp\/v2\/media\/10435"}],"wp:attachment":[{"href":"https:\/\/jornalregionalms.com.br\/index.php?rest_route=%2Fwp%2Fv2%2Fmedia&parent=10434"}],"wp:term":[{"taxonomy":"category","embeddable":true,"href":"https:\/\/jornalregionalms.com.br\/index.php?rest_route=%2Fwp%2Fv2%2Fcategories&post=10434"},{"taxonomy":"post_tag","embeddable":true,"href":"https:\/\/jornalregionalms.com.br\/index.php?rest_route=%2Fwp%2Fv2%2Ftags&post=10434"}],"curies":[{"name":"wp","href":"https:\/\/api.w.org\/{rel}","templated":true}]}}