{"id":10422,"date":"2025-12-25T22:27:36","date_gmt":"2025-12-26T02:27:36","guid":{"rendered":"https:\/\/jornalregionalms.com.br\/?p=10422"},"modified":"2025-12-25T22:27:36","modified_gmt":"2025-12-26T02:27:36","slug":"jair-bolsonaro-e-internado-para-ser-submetido-a-cirurgia-nesta-quinta","status":"publish","type":"post","link":"https:\/\/jornalregionalms.com.br\/?p=10422","title":{"rendered":"Jair Bolsonaro \u00e9 internado para ser submetido a cirurgia nesta quinta"},"content":{"rendered":"<\/p>\n<p><a class=\"\" href=\"https:\/\/agenciabrasil.ebc.com.br\/justica\/noticia\/2025-12\/jair-bolsonaro-e-internado-para-ser-submetido-cirurgia-na-quinta\"><br \/>\n                    <img decoding=\"async\" src=\"https:\/\/cdn.jsdelivr.net\/gh\/sergiosdlima\/assets-ebc@1.0.0\/abr\/assets\/images\/logo-agenciabrasil.svg\" alt=\"Logo Ag\u00eancia Brasil\"><br \/>\n\t\t\t\t<\/a><\/p>\n<p>O ex-presidente Jair Bolsonaro (PL) foi internado, na manh\u00e3 desta quarta-feira (24), no Hospital DF Star, em Bras\u00edlia, onde passar\u00e1 por uma cirurgia para tratar uma h\u00e9rnia inguinal. O procedimento ocorrer\u00e1 na quinta-feira (25), ap\u00f3s indica\u00e7\u00e3o de m\u00e9dicos particulares e peritos da Pol\u00edcia Federal (PF).<img decoding=\"async\" src=\"https:\/\/agenciabrasil.ebc.com.br\/ebc.png?id=1673278&#038;o=rss\"><img decoding=\"async\" src=\"https:\/\/agenciabrasil.ebc.com.br\/ebc.gif?id=1673278&#038;o=rss\"><\/p>\n<p>Bolsonaro\u00a0cumpre pena de 27 anos e tr\u00eas meses de pris\u00e3o ap\u00f3s condena\u00e7\u00e3o pela trama golpista e\u00a0<a href=\"https:\/\/agenciabrasil.ebc.com.br\/justica\/noticia\/2025-12\/moraes-autoriza-internacao-de-bolsonaro-para-realizacao-de-cirurgia\" target=\"_blank\">foi autorizado a se submeter ao procedimento pelo ministro Alexandre de Moraes, do Supremo Tribunal Federal (STF)<\/a>.<\/p>\n<\/p>\n<h3>Not\u00edcias relacionadas:<\/h3>\n<ul>\n<li><a href=\"https:\/\/agenciabrasil.ebc.com.br\/justica\/noticia\/2025-12\/moraes-autoriza-internacao-de-bolsonaro-para-realizacao-de-cirurgia\">Moraes autoriza interna\u00e7\u00e3o de Bolsonaro para realiza\u00e7\u00e3o de cirurgia .<\/a><\/li>\n<li><a href=\"https:\/\/agenciabrasil.ebc.com.br\/justica\/noticia\/2025-12\/pgr-envia-ao-supremo-parecer-favoravel-cirurgia-de-bolsonaro\">PGR envia ao Supremo parecer favor\u00e1vel \u00e0 cirurgia de Bolsonaro .<\/a><\/li>\n<li><a href=\"https:\/\/agenciabrasil.ebc.com.br\/justica\/noticia\/2025-12\/pf-conclui-que-bolsonaro-precisa-de-cirurgia-de-hernia\">PF conclui que Bolsonaro precisa de cirurgia de h\u00e9rnia.<\/a><\/li>\n<\/ul>\n<p>Conduzido pela Pol\u00edcia Federal no trajeto entre a sala da Superintend\u00eancia da Pol\u00edcia Federal, na capital federal, e o hospital, o ex-presidente foi internado por volta das 9h30 da manh\u00e3, acompanhado da ex-primeira dama, Michelle Bolsonaro.<\/p>\n<p>Durante o dia, Bolsonaro dever\u00e1 realizar os exames pr\u00e9-operat\u00f3rios, conforme <a href=\"https:\/\/agenciabrasil.ebc.com.br\/justica\/noticia\/2025-12\/bolsonaro-deve-ser-internado-amanha-para-realizar-cirurgia\" target=\"_blank\">manifesta\u00e7\u00e3o apresentada pelos advogados de defesa<\/a>.<\/p>\n<p>Ao longo da interna\u00e7\u00e3o, a vigil\u00e2ncia ser\u00e1 de 24 horas por dia, com manuten\u00e7\u00e3o de dois agentes na porta do quarto, al\u00e9m de outras equipes dentro e fora do hospital, conforme determina\u00e7\u00e3o do ministro do STF.<\/p>\n<p>\u00a0<\/p>\n<div class=\"dnd-widget-wrapper context-cheio_8colunas type-image\">\n<div class=\"dnd-atom-rendered\"><!-- scald=448976:cheio_8colunas --><br \/>\n            <img decoding=\"async\" src=\"https:\/\/agenciabrasil.ebc.com.br\/sites\/default\/files\/thumbnails\/image\/loading_v2.gif\" data-echo=\"https:\/\/imagens.ebc.com.br\/1NoostzdW9jBsYK2Th4YF1Mt4IA=\/754x0\/smart\/https:\/\/agenciabrasil.ebc.com.br\/sites\/default\/files\/thumbnails\/image\/2025\/12\/24\/mcm_1663.jpg?itok=JBD-sZRy\" alt=\"Bras\u00edlia (DF), 24\/12\/2025 - Comboio sa\u00eddo da pol\u00edcia federal com o ex-presidente Jair Bolsonaro com destino ao Hospital DF Star, onde ser\u00e1 realizado uma cirurgia de h\u00e9rnia inguinal e tratar de um solu\u00e7o persistente. Hoje (24), Bolsonaro far\u00e1 exames pr\u00e9-operat\u00f3rios. O procedimento cir\u00fargico ser\u00e1 realizado amanh\u00e3 (25). A interna\u00e7\u00e3o deve durar de cinco a sete dias, segundo os advogados do ex-presidente.\nFoto: Marcelo Camargo\/Ag\u00eancia Brasil\" title=\"Marcelo Camargo\/Ag\u00eancia Brasil\"><br \/>\n        <noscript><img decoding=\"async\" src=\"https:\/\/imagens.ebc.com.br\/1NoostzdW9jBsYK2Th4YF1Mt4IA=\/754x0\/smart\/https:\/\/agenciabrasil.ebc.com.br\/sites\/default\/files\/thumbnails\/image\/2025\/12\/24\/mcm_1663.jpg?itok=JBD-sZRy\" alt=\"Bras\u00edlia (DF), 24\/12\/2025 - Comboio sa\u00eddo da pol\u00edcia federal com o ex-presidente Jair Bolsonaro com destino ao Hospital DF Star, onde ser\u00e1 realizado uma cirurgia de h\u00e9rnia inguinal e tratar de um solu\u00e7o persistente. Hoje (24), Bolsonaro far\u00e1 exames pr\u00e9-operat\u00f3rios. O procedimento cir\u00fargico ser\u00e1 realizado amanh\u00e3 (25). A interna\u00e7\u00e3o deve durar de cinco a sete dias, segundo os advogados do ex-presidente.\nFoto: Marcelo Camargo\/Ag\u00eancia Brasil\" title=\"Marcelo Camargo\/Ag\u00eancia Brasil\"><\/noscript><br \/>\n    <!-- END scald=448976 --><\/div>\n<div class=\"dnd-caption-wrapper\">\n<h6 class=\"meta\">Comboio sa\u00eddo da pol\u00edcia federal com o ex-presidente Jair Bolsonaro com destino ao Hospital DF Star, onde ser\u00e1 realizado uma cirurgia de h\u00e9rnia inguinal e tratar de um solu\u00e7o persistente. Foto: Marcelo Camargo\/Ag\u00eancia Brasil<!--END copyright=448976--><\/h6>\n<\/div>\n<\/div>\n","protected":false},"excerpt":{"rendered":"<p>O ex-presidente Jair Bolsonaro (PL) foi internado, na manh\u00e3 desta quarta-feira (24), no Hospital DF Star, em Bras\u00edlia, onde passar\u00e1 por uma cirurgia para tratar uma h\u00e9rnia inguinal. O procedimento ocorrer\u00e1 na quinta-feira (25), ap\u00f3s indica\u00e7\u00e3o de m\u00e9dicos particulares e peritos da Pol\u00edcia Federal (PF). Bolsonaro\u00a0cumpre pena de 27 anos e tr\u00eas meses de pris\u00e3o [&hellip;]<\/p>\n","protected":false},"author":69,"featured_media":10423,"comment_status":"open","ping_status":"open","sticky":false,"template":"","format":"standard","meta":{"site-sidebar-layout":"default","site-content-layout":"","ast-site-content-layout":"","site-content-style":"default","site-sidebar-style":"default","ast-global-header-display":"","ast-banner-title-visibility":"","ast-main-header-display":"","ast-hfb-above-header-display":"","ast-hfb-below-header-display":"","ast-hfb-mobile-header-display":"","site-post-title":"","ast-breadcrumbs-content":"","ast-featured-img":"","footer-sml-layout":"","theme-transparent-header-meta":"","adv-header-id-meta":"","stick-header-meta":"","header-above-stick-meta":"","header-main-stick-meta":"","header-below-stick-meta":"","astra-migrate-meta-layouts":"default","ast-page-background-enabled":"default","ast-page-background-meta":{"desktop":{"background-color":"var(--ast-global-color-4)","background-image":"","background-repeat":"repeat","background-position":"center center","background-size":"auto","background-attachment":"scroll","background-type":"","background-media":"","overlay-type":"","overlay-color":"","overlay-opacity":"","overlay-gradient":""},"tablet":{"background-color":"","background-image":"","background-repeat":"repeat","background-position":"center center","background-size":"auto","background-attachment":"scroll","background-type":"","background-media":"","overlay-type":"","overlay-color":"","overlay-opacity":"","overlay-gradient":""},"mobile":{"background-color":"","background-image":"","background-repeat":"repeat","background-position":"center center","background-size":"auto","background-attachment":"scroll","background-type":"","background-media":"","overlay-type":"","overlay-color":"","overlay-opacity":"","overlay-gradient":""}},"ast-content-background-meta":{"desktop":{"background-color":"var(--ast-global-color-5)","background-image":"","background-repeat":"repeat","background-position":"center center","background-size":"auto","background-attachment":"scroll","background-type":"","background-media":"","overlay-type":"","overlay-color":"","overlay-opacity":"","overlay-gradient":""},"tablet":{"background-color":"var(--ast-global-color-5)","background-image":"","background-repeat":"repeat","background-position":"center center","background-size":"auto","background-attachment":"scroll","background-type":"","background-media":"","overlay-type":"","overlay-color":"","overlay-opacity":"","overlay-gradient":""},"mobile":{"background-color":"var(--ast-global-color-5)","background-image":"","background-repeat":"repeat","background-position":"center center","background-size":"auto","background-attachment":"scroll","background-type":"","background-media":"","overlay-type":"","overlay-color":"","overlay-opacity":"","overlay-gradient":""}},"footnotes":""},"categories":[1],"tags":[],"class_list":["post-10422","post","type-post","status-publish","format-standard","has-post-thumbnail","hentry","category-sem-categoria"],"_links":{"self":[{"href":"https:\/\/jornalregionalms.com.br\/index.php?rest_route=\/wp\/v2\/posts\/10422","targetHints":{"allow":["GET"]}}],"collection":[{"href":"https:\/\/jornalregionalms.com.br\/index.php?rest_route=\/wp\/v2\/posts"}],"about":[{"href":"https:\/\/jornalregionalms.com.br\/index.php?rest_route=\/wp\/v2\/types\/post"}],"author":[{"embeddable":true,"href":"https:\/\/jornalregionalms.com.br\/index.php?rest_route=\/wp\/v2\/users\/69"}],"replies":[{"embeddable":true,"href":"https:\/\/jornalregionalms.com.br\/index.php?rest_route=%2Fwp%2Fv2%2Fcomments&post=10422"}],"version-history":[{"count":0,"href":"https:\/\/jornalregionalms.com.br\/index.php?rest_route=\/wp\/v2\/posts\/10422\/revisions"}],"wp:featuredmedia":[{"embeddable":true,"href":"https:\/\/jornalregionalms.com.br\/index.php?rest_route=\/wp\/v2\/media\/10423"}],"wp:attachment":[{"href":"https:\/\/jornalregionalms.com.br\/index.php?rest_route=%2Fwp%2Fv2%2Fmedia&parent=10422"}],"wp:term":[{"taxonomy":"category","embeddable":true,"href":"https:\/\/jornalregionalms.com.br\/index.php?rest_route=%2Fwp%2Fv2%2Fcategories&post=10422"},{"taxonomy":"post_tag","embeddable":true,"href":"https:\/\/jornalregionalms.com.br\/index.php?rest_route=%2Fwp%2Fv2%2Ftags&post=10422"}],"curies":[{"name":"wp","href":"https:\/\/api.w.org\/{rel}","templated":true}]}}