{"id":10418,"date":"2025-12-25T22:27:33","date_gmt":"2025-12-26T02:27:33","guid":{"rendered":"https:\/\/jornalregionalms.com.br\/?p=10418"},"modified":"2025-12-25T22:27:33","modified_gmt":"2025-12-26T02:27:33","slug":"inscricoes-para-o-sisu-2026-comecam-em-19-de-janeiro","status":"publish","type":"post","link":"https:\/\/jornalregionalms.com.br\/?p=10418","title":{"rendered":"Inscri\u00e7\u00f5es para o Sisu 2026 come\u00e7am em 19 de janeiro"},"content":{"rendered":"<\/p>\n<p><a class=\"\" href=\"https:\/\/agenciabrasil.ebc.com.br\/educacao\/noticia\/2025-12\/inscricoes-para-o-sisu-2026-comecam-em-19-de-janeiro\"><br \/>\n                    <img decoding=\"async\" src=\"https:\/\/cdn.jsdelivr.net\/gh\/sergiosdlima\/assets-ebc@1.0.0\/abr\/assets\/images\/logo-agenciabrasil.svg\" alt=\"Logo Ag\u00eancia Brasil\"><br \/>\n\t\t\t\t<\/a><\/p>\n<p>As inscri\u00e7\u00f5es para a edi\u00e7\u00e3o do Sistema de Sele\u00e7\u00e3o Unificada (Sisu) 2026 come\u00e7ar\u00e3o no dia 19 de janeiro e poder\u00e3o ser feitas exclusivamente pela internet, at\u00e9 o dia 23 de janeiro. A edi\u00e7\u00e3o ser\u00e1 a maior em n\u00famero de institui\u00e7\u00f5es participantes, com 136 universidades, institutos federais e centros federais de educa\u00e7\u00e3o tecnol\u00f3gica, que ofertar\u00e3o 274,8 mil vagas em 7.388 cursos.<img decoding=\"async\" src=\"https:\/\/agenciabrasil.ebc.com.br\/ebc.png?id=1673328&#038;o=rss\"><img decoding=\"async\" src=\"https:\/\/agenciabrasil.ebc.com.br\/ebc.gif?id=1673328&#038;o=rss\"><\/p>\n<p>A inscri\u00e7\u00e3o \u00e9 gratuita e pode ser feita exclusivamente pelo <a href=\"https:\/\/acessounico.mec.gov.br\/sisu\" target=\"_blank\">Portal de Acesso \u00danico ao Ensino Superior<\/a>. Os candidatos poder\u00e3o se inscrever em at\u00e9 duas op\u00e7\u00f5es de vagas.<\/p>\n<\/p>\n<h3>Not\u00edcias relacionadas:<\/h3>\n<ul>\n<li><a href=\"https:\/\/agenciabrasil.ebc.com.br\/educacao\/noticia\/2025-10\/mec-permitira-uso-das-tres-ultimas-notas-do-enem-no-sisu-2026\">MEC permitir\u00e1 uso das tr\u00eas \u00faltimas notas do Enem no Sisu 2026 .<\/a><\/li>\n<li><a href=\"https:\/\/agenciabrasil.ebc.com.br\/educacao\/noticia\/2025-12\/orcamento-2026-traz-corte-de-quase-r-500-milhoes-para-universidades\">Or\u00e7amento 2026 traz corte de quase R$ 500 milh\u00f5es para universidades.<\/a><\/li>\n<li><a href=\"https:\/\/agenciabrasil.ebc.com.br\/educacao\/noticia\/2025-11\/renda-e-cor-sao-determinantes-para-nao-concluir-o-ensino-medio-no-pais\">Renda e cor s\u00e3o determinantes para n\u00e3o concluir ensino m\u00e9dio no pa\u00eds.<\/a><\/li>\n<\/ul>\n<p>O candidato poder\u00e1 concorrer \u00e0s modalidades de reserva de vagas da Lei de Cotas e \u00e0s a\u00e7\u00f5es afirmativas pr\u00f3prias das institui\u00e7\u00f5es. Para isso, precisa preencher o cadastro socioecon\u00f4mico e indicar as modalidades de reserva de vagas que deseja concorrer.<\/p>\n<p>De acordo com o <a href=\"https:\/\/in.gov.br\/web\/dou\/-\/edital-n-29-de-22-de-dezembro-de-2025-677419853\" target=\"_blank\">edital<\/a> publicado pelo Minist\u00e9rio da Educa\u00e7\u00e3o (MEC), o processo seletivo ter\u00e1 somente uma etapa de inscri\u00e7\u00e3o para as vagas ofertadas. O resultado da chamada regular ser\u00e1 divulgado no dia 29 de janeiro de 2026, e a matr\u00edcula junto \u00e0s institui\u00e7\u00f5es come\u00e7a a partir de 2 de fevereiro de 2026.<\/p>\n<h2>Novidade<\/h2>\n<p>A partir de 2026, o Sisu passar\u00e1 a considerar o resultado das tr\u00eas \u00faltimas edi\u00e7\u00f5es do Enem (2023, 2024 e 2025), considerando a nota da edi\u00e7\u00e3o que resulte na melhor m\u00e9dia ponderada, de acordo com a op\u00e7\u00e3o de curso. Em caso de empate na utiliza\u00e7\u00e3o das m\u00e9dias ponderadas, ser\u00e1 considerada a edi\u00e7\u00e3o do Enem em que o estudante obteve a maior nota em uma das disciplinas, conforme a ordem de prioridade.<\/p>\n<p>Somente poder\u00e3o se inscrever na edi\u00e7\u00e3o do Sisu de 2026 os candidatos que tenham participado de uma ou mais edi\u00e7\u00f5es com nota superior a zero na reda\u00e7\u00e3o e n\u00e3o tenha sido treineiro \u2500 estudante que n\u00e3o terminou o ensino m\u00e9dio e faz o exame para fins de autoavalia\u00e7\u00e3o.<\/p>\n<p>As vagas ser\u00e3o preenchidas pelas institui\u00e7\u00f5es segundo a ordem de classifica\u00e7\u00e3o dos candidatos e, no per\u00edodo de 29 de janeiro at\u00e9 2 de fevereiro de 2026, o candidato que n\u00e3o for selecionado na chamada regular poder\u00e1 manifestar interesse em participar da lista de espera.<\/p>\n<h2>Cotas<\/h2>\n<p>De acordo com nota do MEC, os candidatos ser\u00e3o classificados na modalidade ampla concorr\u00eancia e, ap\u00f3s a etapa de classifica\u00e7\u00e3o, ser\u00e1 observada a propor\u00e7\u00e3o de estudantes de escolas p\u00fablicas, de baixa renda, com defici\u00eancia, pretos, pardos, ind\u00edgenas e quilombolas para a oferta de vagas reservadas.<\/p>\n<h2>Confira o cronograma do Sisu<\/h2>\n<p>\u00a0<\/p>\n<table border=\"1\" cellpadding=\"1\" cellspacing=\"1\">\n<tbody>\n<tr>\n<td>Inscri\u00e7\u00f5es<\/td>\n<td>19 a 23 de janeiro<\/td>\n<\/tr>\n<tr>\n<td>Chamada regular\u00a0\u00a0\u00a0\u00a0\u00a0<\/td>\n<td>29 de janeiro<\/td>\n<\/tr>\n<tr>\n<td>Matricula junto \u00e0 institui\u00e7\u00e3o\u00a0\u00a0<\/td>\n<td>02 de fevereiro<\/td>\n<\/tr>\n<tr>\n<td>Manifesta\u00e7\u00e3o de interesse na lista de espera\u00a0\u00a0<\/td>\n<td>29 de janeiro a 2 de fevereiro<\/td>\n<\/tr>\n<\/tbody>\n<\/table>\n<p>\u00a0<\/p>\n","protected":false},"excerpt":{"rendered":"<p>As inscri\u00e7\u00f5es para a edi\u00e7\u00e3o do Sistema de Sele\u00e7\u00e3o Unificada (Sisu) 2026 come\u00e7ar\u00e3o no dia 19 de janeiro e poder\u00e3o ser feitas exclusivamente pela internet, at\u00e9 o dia 23 de janeiro. A edi\u00e7\u00e3o ser\u00e1 a maior em n\u00famero de institui\u00e7\u00f5es participantes, com 136 universidades, institutos federais e centros federais de educa\u00e7\u00e3o tecnol\u00f3gica, que ofertar\u00e3o 274,8 [&hellip;]<\/p>\n","protected":false},"author":69,"featured_media":10419,"comment_status":"open","ping_status":"open","sticky":false,"template":"","format":"standard","meta":{"site-sidebar-layout":"default","site-content-layout":"","ast-site-content-layout":"","site-content-style":"default","site-sidebar-style":"default","ast-global-header-display":"","ast-banner-title-visibility":"","ast-main-header-display":"","ast-hfb-above-header-display":"","ast-hfb-below-header-display":"","ast-hfb-mobile-header-display":"","site-post-title":"","ast-breadcrumbs-content":"","ast-featured-img":"","footer-sml-layout":"","theme-transparent-header-meta":"","adv-header-id-meta":"","stick-header-meta":"","header-above-stick-meta":"","header-main-stick-meta":"","header-below-stick-meta":"","astra-migrate-meta-layouts":"default","ast-page-background-enabled":"default","ast-page-background-meta":{"desktop":{"background-color":"var(--ast-global-color-4)","background-image":"","background-repeat":"repeat","background-position":"center center","background-size":"auto","background-attachment":"scroll","background-type":"","background-media":"","overlay-type":"","overlay-color":"","overlay-opacity":"","overlay-gradient":""},"tablet":{"background-color":"","background-image":"","background-repeat":"repeat","background-position":"center center","background-size":"auto","background-attachment":"scroll","background-type":"","background-media":"","overlay-type":"","overlay-color":"","overlay-opacity":"","overlay-gradient":""},"mobile":{"background-color":"","background-image":"","background-repeat":"repeat","background-position":"center center","background-size":"auto","background-attachment":"scroll","background-type":"","background-media":"","overlay-type":"","overlay-color":"","overlay-opacity":"","overlay-gradient":""}},"ast-content-background-meta":{"desktop":{"background-color":"var(--ast-global-color-5)","background-image":"","background-repeat":"repeat","background-position":"center center","background-size":"auto","background-attachment":"scroll","background-type":"","background-media":"","overlay-type":"","overlay-color":"","overlay-opacity":"","overlay-gradient":""},"tablet":{"background-color":"var(--ast-global-color-5)","background-image":"","background-repeat":"repeat","background-position":"center center","background-size":"auto","background-attachment":"scroll","background-type":"","background-media":"","overlay-type":"","overlay-color":"","overlay-opacity":"","overlay-gradient":""},"mobile":{"background-color":"var(--ast-global-color-5)","background-image":"","background-repeat":"repeat","background-position":"center center","background-size":"auto","background-attachment":"scroll","background-type":"","background-media":"","overlay-type":"","overlay-color":"","overlay-opacity":"","overlay-gradient":""}},"footnotes":""},"categories":[123],"tags":[],"class_list":["post-10418","post","type-post","status-publish","format-standard","has-post-thumbnail","hentry","category-politica"],"_links":{"self":[{"href":"https:\/\/jornalregionalms.com.br\/index.php?rest_route=\/wp\/v2\/posts\/10418","targetHints":{"allow":["GET"]}}],"collection":[{"href":"https:\/\/jornalregionalms.com.br\/index.php?rest_route=\/wp\/v2\/posts"}],"about":[{"href":"https:\/\/jornalregionalms.com.br\/index.php?rest_route=\/wp\/v2\/types\/post"}],"author":[{"embeddable":true,"href":"https:\/\/jornalregionalms.com.br\/index.php?rest_route=\/wp\/v2\/users\/69"}],"replies":[{"embeddable":true,"href":"https:\/\/jornalregionalms.com.br\/index.php?rest_route=%2Fwp%2Fv2%2Fcomments&post=10418"}],"version-history":[{"count":0,"href":"https:\/\/jornalregionalms.com.br\/index.php?rest_route=\/wp\/v2\/posts\/10418\/revisions"}],"wp:featuredmedia":[{"embeddable":true,"href":"https:\/\/jornalregionalms.com.br\/index.php?rest_route=\/wp\/v2\/media\/10419"}],"wp:attachment":[{"href":"https:\/\/jornalregionalms.com.br\/index.php?rest_route=%2Fwp%2Fv2%2Fmedia&parent=10418"}],"wp:term":[{"taxonomy":"category","embeddable":true,"href":"https:\/\/jornalregionalms.com.br\/index.php?rest_route=%2Fwp%2Fv2%2Fcategories&post=10418"},{"taxonomy":"post_tag","embeddable":true,"href":"https:\/\/jornalregionalms.com.br\/index.php?rest_route=%2Fwp%2Fv2%2Ftags&post=10418"}],"curies":[{"name":"wp","href":"https:\/\/api.w.org\/{rel}","templated":true}]}}