{"id":10414,"date":"2025-12-25T22:27:30","date_gmt":"2025-12-26T02:27:30","guid":{"rendered":"https:\/\/jornalregionalms.com.br\/?p=10414"},"modified":"2025-12-25T22:27:30","modified_gmt":"2025-12-26T02:27:30","slug":"reveillon-do-rio-pode-injetar-r-334-bilhoes-na-economia-da-cidade","status":"publish","type":"post","link":"https:\/\/jornalregionalms.com.br\/?p=10414","title":{"rendered":"R\u00e9veillon do Rio pode injetar R$ 3,34 bilh\u00f5es na economia da cidade"},"content":{"rendered":"<\/p>\n<p><a class=\"\" href=\"https:\/\/agenciabrasil.ebc.com.br\/economia\/noticia\/2025-12\/reveillon-do-rio-pode-injetar-r-334-bilhoes-na-economia-da-cidade\"><br \/>\n                    <img decoding=\"async\" src=\"https:\/\/cdn.jsdelivr.net\/gh\/sergiosdlima\/assets-ebc@1.0.0\/abr\/assets\/images\/logo-agenciabrasil.svg\" alt=\"Logo Ag\u00eancia Brasil\"><br \/>\n\t\t\t\t<\/a><\/p>\n<p>O R\u00e9veillon na cidade do Rio de Janeiro pode movimentar 3,34 bilh\u00f5es, 6% acima do valor da virada de 2024 para 2025. O estudo <em>R\u00e9veillon em Dados<\/em> foi elaborado pela prefeitura, por meio da Empresa de Turismo do Munic\u00edpio do Rio (Riotur), a Secretaria Municipal de Desenvolvimento Econ\u00f4mico e o\u00a0Instituto Funda\u00e7\u00e3o Jo\u00e3o Goulart.<img decoding=\"async\" src=\"https:\/\/agenciabrasil.ebc.com.br\/ebc.png?id=1673353&#038;o=rss\"><img decoding=\"async\" src=\"https:\/\/agenciabrasil.ebc.com.br\/ebc.gif?id=1673353&#038;o=rss\"><\/p>\n<p><strong>A estimativa \u00e9 que mais de 5\u00a0milh\u00f5es de pessoas participem dos eventos espalhados pelo munic\u00edpio. Somente\u00a0Copacabana\u00a0deve ter metade desse p\u00fablico, entre cariocas e turistas.<\/strong><\/p>\n<\/p>\n<h3>Not\u00edcias relacionadas:<\/h3>\n<ul>\n<li><a href=\"https:\/\/agenciabrasil.ebc.com.br\/cultura\/noticia\/2025-12\/reveillon-de-copacabana-tera-shows-de-gilberto-gil-e-ney-matogrosso\">R\u00e9veillon de Copacabana ter\u00e1 shows de Gilberto Gil e Ney Matogrosso.<\/a><\/li>\n<li><a href=\"https:\/\/agenciabrasil.ebc.com.br\/geral\/noticia\/2025-12\/metro-inicia-venda-de-bilhete-para-reveillon-na-praia-de-copacabana\">Metr\u00f4 inicia venda de bilhete para r\u00e9veillon na praia de Copacabana.<\/a><\/li>\n<\/ul>\n<p>Segundo o secret\u00e1rio municipal de Desenvolvimento Econ\u00f4mico, Osmar Lima, o R\u00e9veillon \u00e9 uma festa consolidada na cidade, que impulsiona a economia carioca, atraindo turistas de todos os lugares.<\/p>\n<blockquote>\n<p>\u201c\u00c9 um evento fundamental para o Rio, pois j\u00e1 entramos no novo ano com acentuada movimenta\u00e7\u00e3o econ\u00f4mica, inferior apenas ao Carnaval\u201d, diz Lima.<\/p>\n<\/blockquote>\n<p><strong>A movimenta\u00e7\u00e3o econ\u00f4mica \u00e9 baseada nos dados das notas fiscais di\u00e1rias de subgrupos de servi\u00e7os diretamente impactados pelo R\u00e9veillon, de acordo com\u00a0a Secretaria Municipal de Fazenda.<\/strong><\/p>\n<blockquote>\n<p>\u201cO R\u00e9veillon do Rio \u00e9 muito mais do que a maior virada do mundo. A an\u00e1lise evidencia sua relev\u00e2ncia como indutor da atividade econ\u00f4mica, com efeitos diretos sobre setores como hospedagem, alimenta\u00e7\u00e3o, transporte e servi\u00e7os\u201d, afirma o presidente da Riotur, Bernardo Fellows.<\/p>\n<\/blockquote>\n<h2>Copacabana<\/h2>\n<p><strong>O R\u00e9veillon na <a href=\"https:\/\/agenciabrasil.ebc.com.br\/cultura\/noticia\/2025-12\/reveillon-de-copacabana-tera-shows-de-gilberto-gil-e-ney-matogrosso\" target=\"_blank\">Praia de Copacabana<\/a> ter\u00e1 <em>shows<\/em> de Gilberto Gil e Ney Matogrosso como atra\u00e7\u00f5es principais do\u00a0Palco Rio, o principal,\u00a0em frente ao Hotel Copacabana Palace. Tamb\u00e9m v\u00e3o se apresentar Alcione, Jo\u00e3o Gomes e Iza, DJ Alok, Belo e a escola de samba Beija-Flor.<\/strong><\/p>\n<p>O\u00a0Palco Samba, na altura da Rua Rep\u00fablica do Peru, ter\u00e1 apresenta\u00e7\u00f5es de Roberta S\u00e1, Mart\u2019n\u00e1lia, Diogo Nogueira, o Bloco da Preta com o novo vocalista, o Feyj\u00e3o e a escola de samba Grande Rio.\u00a0<\/p>\n<p>No Palco Leme, de m\u00fasica gospel, as atra\u00e7\u00f5es ser\u00e3o Midian Lima, Samuel Messias, Thalles Roberto e o grupo de pagode gospel Marcados.\u00a0<\/p>\n","protected":false},"excerpt":{"rendered":"<p>O R\u00e9veillon na cidade do Rio de Janeiro pode movimentar 3,34 bilh\u00f5es, 6% acima do valor da virada de 2024 para 2025. O estudo R\u00e9veillon em Dados foi elaborado pela prefeitura, por meio da Empresa de Turismo do Munic\u00edpio do Rio (Riotur), a Secretaria Municipal de Desenvolvimento Econ\u00f4mico e o\u00a0Instituto Funda\u00e7\u00e3o Jo\u00e3o Goulart. A estimativa [&hellip;]<\/p>\n","protected":false},"author":135,"featured_media":10415,"comment_status":"open","ping_status":"open","sticky":false,"template":"","format":"standard","meta":{"site-sidebar-layout":"default","site-content-layout":"","ast-site-content-layout":"","site-content-style":"default","site-sidebar-style":"default","ast-global-header-display":"","ast-banner-title-visibility":"","ast-main-header-display":"","ast-hfb-above-header-display":"","ast-hfb-below-header-display":"","ast-hfb-mobile-header-display":"","site-post-title":"","ast-breadcrumbs-content":"","ast-featured-img":"","footer-sml-layout":"","theme-transparent-header-meta":"","adv-header-id-meta":"","stick-header-meta":"","header-above-stick-meta":"","header-main-stick-meta":"","header-below-stick-meta":"","astra-migrate-meta-layouts":"default","ast-page-background-enabled":"default","ast-page-background-meta":{"desktop":{"background-color":"var(--ast-global-color-4)","background-image":"","background-repeat":"repeat","background-position":"center center","background-size":"auto","background-attachment":"scroll","background-type":"","background-media":"","overlay-type":"","overlay-color":"","overlay-opacity":"","overlay-gradient":""},"tablet":{"background-color":"","background-image":"","background-repeat":"repeat","background-position":"center center","background-size":"auto","background-attachment":"scroll","background-type":"","background-media":"","overlay-type":"","overlay-color":"","overlay-opacity":"","overlay-gradient":""},"mobile":{"background-color":"","background-image":"","background-repeat":"repeat","background-position":"center center","background-size":"auto","background-attachment":"scroll","background-type":"","background-media":"","overlay-type":"","overlay-color":"","overlay-opacity":"","overlay-gradient":""}},"ast-content-background-meta":{"desktop":{"background-color":"var(--ast-global-color-5)","background-image":"","background-repeat":"repeat","background-position":"center center","background-size":"auto","background-attachment":"scroll","background-type":"","background-media":"","overlay-type":"","overlay-color":"","overlay-opacity":"","overlay-gradient":""},"tablet":{"background-color":"var(--ast-global-color-5)","background-image":"","background-repeat":"repeat","background-position":"center center","background-size":"auto","background-attachment":"scroll","background-type":"","background-media":"","overlay-type":"","overlay-color":"","overlay-opacity":"","overlay-gradient":""},"mobile":{"background-color":"var(--ast-global-color-5)","background-image":"","background-repeat":"repeat","background-position":"center center","background-size":"auto","background-attachment":"scroll","background-type":"","background-media":"","overlay-type":"","overlay-color":"","overlay-opacity":"","overlay-gradient":""}},"footnotes":""},"categories":[126],"tags":[],"class_list":["post-10414","post","type-post","status-publish","format-standard","has-post-thumbnail","hentry","category-policial"],"_links":{"self":[{"href":"https:\/\/jornalregionalms.com.br\/index.php?rest_route=\/wp\/v2\/posts\/10414","targetHints":{"allow":["GET"]}}],"collection":[{"href":"https:\/\/jornalregionalms.com.br\/index.php?rest_route=\/wp\/v2\/posts"}],"about":[{"href":"https:\/\/jornalregionalms.com.br\/index.php?rest_route=\/wp\/v2\/types\/post"}],"author":[{"embeddable":true,"href":"https:\/\/jornalregionalms.com.br\/index.php?rest_route=\/wp\/v2\/users\/135"}],"replies":[{"embeddable":true,"href":"https:\/\/jornalregionalms.com.br\/index.php?rest_route=%2Fwp%2Fv2%2Fcomments&post=10414"}],"version-history":[{"count":0,"href":"https:\/\/jornalregionalms.com.br\/index.php?rest_route=\/wp\/v2\/posts\/10414\/revisions"}],"wp:featuredmedia":[{"embeddable":true,"href":"https:\/\/jornalregionalms.com.br\/index.php?rest_route=\/wp\/v2\/media\/10415"}],"wp:attachment":[{"href":"https:\/\/jornalregionalms.com.br\/index.php?rest_route=%2Fwp%2Fv2%2Fmedia&parent=10414"}],"wp:term":[{"taxonomy":"category","embeddable":true,"href":"https:\/\/jornalregionalms.com.br\/index.php?rest_route=%2Fwp%2Fv2%2Fcategories&post=10414"},{"taxonomy":"post_tag","embeddable":true,"href":"https:\/\/jornalregionalms.com.br\/index.php?rest_route=%2Fwp%2Fv2%2Ftags&post=10414"}],"curies":[{"name":"wp","href":"https:\/\/api.w.org\/{rel}","templated":true}]}}