{"id":10410,"date":"2025-12-25T22:27:27","date_gmt":"2025-12-26T02:27:27","guid":{"rendered":"https:\/\/jornalregionalms.com.br\/?p=10410"},"modified":"2025-12-25T22:27:27","modified_gmt":"2025-12-26T02:27:27","slug":"decreto-garante-espaco-para-exibicao-de-longas-metragens-brasileiros","status":"publish","type":"post","link":"https:\/\/jornalregionalms.com.br\/?p=10410","title":{"rendered":"Decreto garante espa\u00e7o para exibi\u00e7\u00e3o de longas-metragens brasileiros"},"content":{"rendered":"<p>A partir de 2026, filmes brasileiros longas-metragens passam a ter exibi\u00e7\u00e3o obrigat\u00f3ria nas salas de cinema de todo o pa\u00eds. O decreto, assinado pelo presidente Lula e pela ministra da cultura Margareth Menezes, j\u00e1 foi publicado no Di\u00e1rio Oficial de Uni\u00e3o.<img decoding=\"async\" src=\"https:\/\/agenciabrasil.ebc.com.br\/ebc.png?id=1673391&#038;o=rss\"><img decoding=\"async\" src=\"https:\/\/agenciabrasil.ebc.com.br\/ebc.gif?id=1673391&#038;o=rss\"><\/p>\n<p>\u00a0A chamada Cota de\u00a0Tela\u00a0estabelece um n\u00famero m\u00ednimo de sess\u00f5es e assegura a diversidade de t\u00edtulos nas salas comerciais.<\/p>\n<p>O objetivo \u00e9 ampliar o acesso do p\u00fablico a diferentes g\u00eaneros, estilos e narrativas do audiovisual nacional, para garantir n\u00e3o apenas a presen\u00e7a do filme brasileiro, mas tamb\u00e9m a variedade de t\u00edtulos, evitando a concentra\u00e7\u00e3o da programa\u00e7\u00e3o em um n\u00famero restrito de produ\u00e7\u00f5es.<\/p>\n<p>Cabe \u00e0 Ancine, a Ag\u00eancia Nacional de Cinema, a fiscaliza\u00e7\u00e3o e a defini\u00e7\u00e3o dos crit\u00e9rios espec\u00edficos para o cumprimento da medida. A ag\u00eancia fica respons\u00e1vel tamb\u00e9m por detalhar par\u00e2metros t\u00e9cnicos, al\u00e9m de acompanhar, fiscalizar e aplicar medidas em caso de descumprimento.<\/p>\n<p>Ancine ser\u00e1 ainda respons\u00e1vel por estabelecer crit\u00e9rios diferenciados para obras brasileiras que tenham recebido pr\u00eamios relevantes ou que apresentem comprovado desempenho de p\u00fablico.<\/p>\n<p>\u00a0De acordo com o Minist\u00e9rio da Cultura, a Cota de\u00a0Tela\u00a0\u00e9 um instrumento fundamental de pol\u00edtica p\u00fablica para o fortalecimento do setor audiovisual do pa\u00eds, ao estimular a produ\u00e7\u00e3o, a circula\u00e7\u00e3o e o consumo de conte\u00fados nacionais. A pasta refor\u00e7a que a medida contribui para a gera\u00e7\u00e3o de emprego e renda, assim como a valoriza\u00e7\u00e3o da cultura brasileira em todas as regi\u00f5es do pa\u00eds.<\/p>\n<p>  <span class=\"hms hms-format-m-ss\">1:30<\/span><\/p>\n","protected":false},"excerpt":{"rendered":"<p>A partir de 2026, filmes brasileiros longas-metragens passam a ter exibi\u00e7\u00e3o obrigat\u00f3ria nas salas de cinema de todo o pa\u00eds. O decreto, assinado pelo presidente Lula e pela ministra da cultura Margareth Menezes, j\u00e1 foi publicado no Di\u00e1rio Oficial de Uni\u00e3o. \u00a0A chamada Cota de\u00a0Tela\u00a0estabelece um n\u00famero m\u00ednimo de sess\u00f5es e assegura a diversidade de [&hellip;]<\/p>\n","protected":false},"author":24,"featured_media":10411,"comment_status":"open","ping_status":"open","sticky":false,"template":"","format":"standard","meta":{"site-sidebar-layout":"default","site-content-layout":"","ast-site-content-layout":"","site-content-style":"default","site-sidebar-style":"default","ast-global-header-display":"","ast-banner-title-visibility":"","ast-main-header-display":"","ast-hfb-above-header-display":"","ast-hfb-below-header-display":"","ast-hfb-mobile-header-display":"","site-post-title":"","ast-breadcrumbs-content":"","ast-featured-img":"","footer-sml-layout":"","theme-transparent-header-meta":"","adv-header-id-meta":"","stick-header-meta":"","header-above-stick-meta":"","header-main-stick-meta":"","header-below-stick-meta":"","astra-migrate-meta-layouts":"default","ast-page-background-enabled":"default","ast-page-background-meta":{"desktop":{"background-color":"var(--ast-global-color-4)","background-image":"","background-repeat":"repeat","background-position":"center center","background-size":"auto","background-attachment":"scroll","background-type":"","background-media":"","overlay-type":"","overlay-color":"","overlay-opacity":"","overlay-gradient":""},"tablet":{"background-color":"","background-image":"","background-repeat":"repeat","background-position":"center center","background-size":"auto","background-attachment":"scroll","background-type":"","background-media":"","overlay-type":"","overlay-color":"","overlay-opacity":"","overlay-gradient":""},"mobile":{"background-color":"","background-image":"","background-repeat":"repeat","background-position":"center center","background-size":"auto","background-attachment":"scroll","background-type":"","background-media":"","overlay-type":"","overlay-color":"","overlay-opacity":"","overlay-gradient":""}},"ast-content-background-meta":{"desktop":{"background-color":"var(--ast-global-color-5)","background-image":"","background-repeat":"repeat","background-position":"center center","background-size":"auto","background-attachment":"scroll","background-type":"","background-media":"","overlay-type":"","overlay-color":"","overlay-opacity":"","overlay-gradient":""},"tablet":{"background-color":"var(--ast-global-color-5)","background-image":"","background-repeat":"repeat","background-position":"center center","background-size":"auto","background-attachment":"scroll","background-type":"","background-media":"","overlay-type":"","overlay-color":"","overlay-opacity":"","overlay-gradient":""},"mobile":{"background-color":"var(--ast-global-color-5)","background-image":"","background-repeat":"repeat","background-position":"center center","background-size":"auto","background-attachment":"scroll","background-type":"","background-media":"","overlay-type":"","overlay-color":"","overlay-opacity":"","overlay-gradient":""}},"footnotes":""},"categories":[1],"tags":[],"class_list":["post-10410","post","type-post","status-publish","format-standard","has-post-thumbnail","hentry","category-sem-categoria"],"_links":{"self":[{"href":"https:\/\/jornalregionalms.com.br\/index.php?rest_route=\/wp\/v2\/posts\/10410","targetHints":{"allow":["GET"]}}],"collection":[{"href":"https:\/\/jornalregionalms.com.br\/index.php?rest_route=\/wp\/v2\/posts"}],"about":[{"href":"https:\/\/jornalregionalms.com.br\/index.php?rest_route=\/wp\/v2\/types\/post"}],"author":[{"embeddable":true,"href":"https:\/\/jornalregionalms.com.br\/index.php?rest_route=\/wp\/v2\/users\/24"}],"replies":[{"embeddable":true,"href":"https:\/\/jornalregionalms.com.br\/index.php?rest_route=%2Fwp%2Fv2%2Fcomments&post=10410"}],"version-history":[{"count":0,"href":"https:\/\/jornalregionalms.com.br\/index.php?rest_route=\/wp\/v2\/posts\/10410\/revisions"}],"wp:featuredmedia":[{"embeddable":true,"href":"https:\/\/jornalregionalms.com.br\/index.php?rest_route=\/wp\/v2\/media\/10411"}],"wp:attachment":[{"href":"https:\/\/jornalregionalms.com.br\/index.php?rest_route=%2Fwp%2Fv2%2Fmedia&parent=10410"}],"wp:term":[{"taxonomy":"category","embeddable":true,"href":"https:\/\/jornalregionalms.com.br\/index.php?rest_route=%2Fwp%2Fv2%2Fcategories&post=10410"},{"taxonomy":"post_tag","embeddable":true,"href":"https:\/\/jornalregionalms.com.br\/index.php?rest_route=%2Fwp%2Fv2%2Ftags&post=10410"}],"curies":[{"name":"wp","href":"https:\/\/api.w.org\/{rel}","templated":true}]}}