{"id":10224,"date":"2025-12-21T07:27:31","date_gmt":"2025-12-21T11:27:31","guid":{"rendered":"https:\/\/jornalregionalms.com.br\/?p=10224"},"modified":"2025-12-21T07:27:31","modified_gmt":"2025-12-21T11:27:31","slug":"pf-conclui-que-bolsonaro-precisa-de-cirurgia-de-hernia","status":"publish","type":"post","link":"https:\/\/jornalregionalms.com.br\/?p=10224","title":{"rendered":"PF conclui que Bolsonaro precisa de cirurgia de h\u00e9rnia"},"content":{"rendered":"<\/p>\n<p><a class=\"\" href=\"https:\/\/agenciabrasil.ebc.com.br\/justica\/noticia\/2025-12\/pf-conclui-que-bolsonaro-precisa-de-cirurgia-de-hernia\"><br \/>\n                    <img decoding=\"async\" src=\"https:\/\/cdn.jsdelivr.net\/gh\/sergiosdlima\/assets-ebc@1.0.0\/abr\/assets\/images\/logo-agenciabrasil.svg\" alt=\"Logo Ag\u00eancia Brasil\"><br \/>\n\t\t\t\t<\/a><\/p>\n<p>A Pol\u00edcia Federal (PF) enviou nesta sexta-feira (19) ao ministro Alexandre de Moraes, do Supremo Tribunal Federal (STF), um laudo m\u00e9dico sobre a sa\u00fade do ex-presidente Jair Bolsonaro. Os peritos confirmaram que o ex-presidente \u00e9 portador de h\u00e9rnia inguinal bilateral e necessita de uma cirurgia, que foi solicitada por m\u00e9dicos particulares de Bolsonaro.\u00a0<img decoding=\"async\" src=\"https:\/\/agenciabrasil.ebc.com.br\/ebc.png?id=1672784&#038;o=rss\"><img decoding=\"async\" src=\"https:\/\/agenciabrasil.ebc.com.br\/ebc.gif?id=1672784&#038;o=rss\"><\/p>\n<p>O laudo tamb\u00e9m confirmou quadro de solu\u00e7os e de ins\u00f4nia.<\/p>\n<\/p>\n<h3>Not\u00edcias relacionadas:<\/h3>\n<ul>\n<li><a href=\"https:\/\/agenciabrasil.ebc.com.br\/justica\/noticia\/2025-12\/moraes-nega-recurso-de-bolsonaro-contra-condenacao-por-trama-golpista\">Moraes nega recurso de Bolsonaro contra condena\u00e7\u00e3o por trama golpista.<\/a><\/li>\n<li><a href=\"https:\/\/agenciabrasil.ebc.com.br\/justica\/noticia\/2025-12\/moraes-autoriza-oitiva-de-bolsonaro-sobre-material-achado-no-alvorada\">Moraes autoriza oitiva de Bolsonaro sobre material achado no Alvorada.<\/a><\/li>\n<\/ul>\n<p>\u201cQuanto \u00e0 tempestividade do procedimento, esta Junta M\u00e9dica entende que deve ser realizado o mais breve poss\u00edvel, haja vista a refratariedade aos tratamentos institu\u00eddos, a piora do sono e da alimenta\u00e7\u00e3o, al\u00e9m de acelerar o risco das complica\u00e7\u00f5es do quadro herni\u00e1rio, em decorr\u00eancia do aumento da press\u00e3o intra-abdominal\u201d, concluiu o laudo.<\/p>\n<p>A per\u00edcia foi realizada nessa\u00a0quarta-feira (17) na sede do Instituto Nacional de Criminal\u00edstica, em Bras\u00edlia. O procedimento foi determinado pelo ministro.\u00a0<\/p>\n<p>Bolsonaro est\u00e1 preso na Superintend\u00eancia da Pol\u00edcia Federal (PF), na capital federal, onde cumpre pena definitiva pela condena\u00e7\u00e3o a 27 anos e tr\u00eas meses de pris\u00e3o na a\u00e7\u00e3o penal da trama golpista.\u00a0<\/p>\n","protected":false},"excerpt":{"rendered":"<p>A Pol\u00edcia Federal (PF) enviou nesta sexta-feira (19) ao ministro Alexandre de Moraes, do Supremo Tribunal Federal (STF), um laudo m\u00e9dico sobre a sa\u00fade do ex-presidente Jair Bolsonaro. Os peritos confirmaram que o ex-presidente \u00e9 portador de h\u00e9rnia inguinal bilateral e necessita de uma cirurgia, que foi solicitada por m\u00e9dicos particulares de Bolsonaro.\u00a0 O laudo [&hellip;]<\/p>\n","protected":false},"author":28,"featured_media":10225,"comment_status":"open","ping_status":"open","sticky":false,"template":"","format":"standard","meta":{"site-sidebar-layout":"default","site-content-layout":"","ast-site-content-layout":"","site-content-style":"default","site-sidebar-style":"default","ast-global-header-display":"","ast-banner-title-visibility":"","ast-main-header-display":"","ast-hfb-above-header-display":"","ast-hfb-below-header-display":"","ast-hfb-mobile-header-display":"","site-post-title":"","ast-breadcrumbs-content":"","ast-featured-img":"","footer-sml-layout":"","theme-transparent-header-meta":"","adv-header-id-meta":"","stick-header-meta":"","header-above-stick-meta":"","header-main-stick-meta":"","header-below-stick-meta":"","astra-migrate-meta-layouts":"default","ast-page-background-enabled":"default","ast-page-background-meta":{"desktop":{"background-color":"var(--ast-global-color-4)","background-image":"","background-repeat":"repeat","background-position":"center center","background-size":"auto","background-attachment":"scroll","background-type":"","background-media":"","overlay-type":"","overlay-color":"","overlay-opacity":"","overlay-gradient":""},"tablet":{"background-color":"","background-image":"","background-repeat":"repeat","background-position":"center center","background-size":"auto","background-attachment":"scroll","background-type":"","background-media":"","overlay-type":"","overlay-color":"","overlay-opacity":"","overlay-gradient":""},"mobile":{"background-color":"","background-image":"","background-repeat":"repeat","background-position":"center center","background-size":"auto","background-attachment":"scroll","background-type":"","background-media":"","overlay-type":"","overlay-color":"","overlay-opacity":"","overlay-gradient":""}},"ast-content-background-meta":{"desktop":{"background-color":"var(--ast-global-color-5)","background-image":"","background-repeat":"repeat","background-position":"center center","background-size":"auto","background-attachment":"scroll","background-type":"","background-media":"","overlay-type":"","overlay-color":"","overlay-opacity":"","overlay-gradient":""},"tablet":{"background-color":"var(--ast-global-color-5)","background-image":"","background-repeat":"repeat","background-position":"center center","background-size":"auto","background-attachment":"scroll","background-type":"","background-media":"","overlay-type":"","overlay-color":"","overlay-opacity":"","overlay-gradient":""},"mobile":{"background-color":"var(--ast-global-color-5)","background-image":"","background-repeat":"repeat","background-position":"center center","background-size":"auto","background-attachment":"scroll","background-type":"","background-media":"","overlay-type":"","overlay-color":"","overlay-opacity":"","overlay-gradient":""}},"footnotes":""},"categories":[1],"tags":[],"class_list":["post-10224","post","type-post","status-publish","format-standard","has-post-thumbnail","hentry","category-sem-categoria"],"_links":{"self":[{"href":"https:\/\/jornalregionalms.com.br\/index.php?rest_route=\/wp\/v2\/posts\/10224","targetHints":{"allow":["GET"]}}],"collection":[{"href":"https:\/\/jornalregionalms.com.br\/index.php?rest_route=\/wp\/v2\/posts"}],"about":[{"href":"https:\/\/jornalregionalms.com.br\/index.php?rest_route=\/wp\/v2\/types\/post"}],"author":[{"embeddable":true,"href":"https:\/\/jornalregionalms.com.br\/index.php?rest_route=\/wp\/v2\/users\/28"}],"replies":[{"embeddable":true,"href":"https:\/\/jornalregionalms.com.br\/index.php?rest_route=%2Fwp%2Fv2%2Fcomments&post=10224"}],"version-history":[{"count":0,"href":"https:\/\/jornalregionalms.com.br\/index.php?rest_route=\/wp\/v2\/posts\/10224\/revisions"}],"wp:featuredmedia":[{"embeddable":true,"href":"https:\/\/jornalregionalms.com.br\/index.php?rest_route=\/wp\/v2\/media\/10225"}],"wp:attachment":[{"href":"https:\/\/jornalregionalms.com.br\/index.php?rest_route=%2Fwp%2Fv2%2Fmedia&parent=10224"}],"wp:term":[{"taxonomy":"category","embeddable":true,"href":"https:\/\/jornalregionalms.com.br\/index.php?rest_route=%2Fwp%2Fv2%2Fcategories&post=10224"},{"taxonomy":"post_tag","embeddable":true,"href":"https:\/\/jornalregionalms.com.br\/index.php?rest_route=%2Fwp%2Fv2%2Ftags&post=10224"}],"curies":[{"name":"wp","href":"https:\/\/api.w.org\/{rel}","templated":true}]}}