{"id":10220,"date":"2025-12-21T07:27:25","date_gmt":"2025-12-21T11:27:25","guid":{"rendered":"https:\/\/jornalregionalms.com.br\/?p=10220"},"modified":"2025-12-21T07:27:25","modified_gmt":"2025-12-21T11:27:25","slug":"banco-mundial-nordeste-e-fundamental-para-progresso-do-pais","status":"publish","type":"post","link":"https:\/\/jornalregionalms.com.br\/?p=10220","title":{"rendered":"Banco Mundial: Nordeste \u00e9 fundamental para progresso do pa\u00eds"},"content":{"rendered":"<\/p>\n<p><a class=\"\" href=\"https:\/\/agenciabrasil.ebc.com.br\/economia\/noticia\/2025-12\/banco-mundial-nordeste-fundamental-para-progresso-do-pais\"><br \/>\n                    <img decoding=\"async\" src=\"https:\/\/cdn.jsdelivr.net\/gh\/sergiosdlima\/assets-ebc@1.0.0\/abr\/assets\/images\/logo-agenciabrasil.svg\" alt=\"Logo Ag\u00eancia Brasil\"><br \/>\n\t\t\t\t<\/a><\/p>\n<p>Com 80% dos seus 54 milh\u00f5es de habitantes formada por jovens e pessoas em idade ativa, o Nordeste do Brasil pode desempenhar papel fundamental no progresso do pa\u00eds. A avalia\u00e7\u00e3o consta do relat\u00f3rio do Banco Mundial <a href=\"https:\/\/documents1.worldbank.org\/curated\/en\/099120225111023071\/pdf\/P179494-c98629d9-efb5-4e1c-802f-9c01ebcb1729.pdf\" target=\"_blank\"><em>Rotas para o Nordeste: Produtividade, Empregos e Inclus\u00e3o<\/em><\/a>, divulgado no in\u00edcio do m\u00eas.<strong> <\/strong><img decoding=\"async\" src=\"https:\/\/agenciabrasil.ebc.com.br\/ebc.png?id=1672797&#038;o=rss\"><img decoding=\"async\" src=\"https:\/\/agenciabrasil.ebc.com.br\/ebc.gif?id=1672797&#038;o=rss\"><\/p>\n<p><strong>Na avalia\u00e7\u00e3o do Banco Mundial, a regi\u00e3o tem potencial de ampliar a gera\u00e7\u00e3o de empregos e diminuir a desigualdade em rela\u00e7\u00e3o a regi\u00f5es mais ricas do pa\u00eds se focar em ind\u00fastrias em crescimento, como manufatura e servi\u00e7os, para oferecer empregos de melhor qualidade, al\u00e9m de impulsionar os investimentos em infraestrutura por meio de parcerias p\u00fablico-privadas.<\/strong><\/p>\n<\/p>\n<h3>Not\u00edcias relacionadas:<\/h3>\n<ul>\n<li><a href=\"https:\/\/agenciabrasil.ebc.com.br\/economia\/noticia\/2025-12\/cmn-regulamenta-linha-de-r-6-bi-para-financiamento-de-caminhoes\">CMN regulamenta linha de R$ 6 bi para financiamento de caminh\u00f5es.<\/a><\/li>\n<li><a href=\"https:\/\/agenciabrasil.ebc.com.br\/economia\/noticia\/2025-12\/governo-aposta-em-receitas-extras-para-reforcar-orcamento-em-2026\">Governo aposta em receitas extras para refor\u00e7ar Or\u00e7amento em 2026.<\/a><\/li>\n<li><a href=\"https:\/\/agenciabrasil.ebc.com.br\/economia\/noticia\/2025-12\/petrobras-renova-contratos-de-quase-r-100-bi-com-braskem\">Petrobras renova contratos de quase R$ 100 bi com a Braskem.<\/a><\/li>\n<\/ul>\n<p><strong>Segundo o relat\u00f3rio, o Nordeste apresentou, nos \u00faltimos anos, avan\u00e7os importantes em capital humano, com aumentos de escolaridade especialmente entre os jovens. Por\u00e9m, a regi\u00e3o enfrenta obst\u00e1culos para converter esses resultados em melhorias no trabalho e na renda.<\/strong> Na regi\u00e3o, a parcela de trabalhadores com diploma universit\u00e1rio aumentou de 9,1% em 2012 para 17% em 2023.<\/p>\n<p>Apesar do\u00a0crescimento na qualifica\u00e7\u00e3o dos trabalhadores, a cria\u00e7\u00e3o de empregos, apontada como o caminho mais seguro para sair da pobreza, enfrenta dificuldades, especialmente relacionadas \u00e0s taxas de desemprego e a informalidade. Entre 2012 e 2022, a taxa de desemprego ficou em 12% e a informalidade em 52%, percentuais superiores \u00e0s de outras regi\u00f5es do Brasil.<\/p>\n<h2>Transi\u00e7\u00e3o energ\u00e9tica<\/h2>\n<p>Por outro lado, o documento destaca que<strong> a regi\u00e3o tamb\u00e9m impulsiona a transi\u00e7\u00e3o energ\u00e9tica do Brasil, produzindo 91% da energia e\u00f3lica do pa\u00eds e 42% da energia solar.<\/strong> Na avalia\u00e7\u00e3o do Banco Mundial, isso d\u00e1 \u00e0 regi\u00e3o a oportunidade de promover um crescimento industrial mais r\u00e1pido e sustent\u00e1vel e aproveitar oportunidades em setores emergentes, como o hidrog\u00eanio verde.<\/p>\n<p>\u201cO capital humano e a abund\u00e2ncia de recursos naturais, se efetivamente alavancados por meio de um crescimento mais r\u00e1pido e da gera\u00e7\u00e3o de empregos de alta qualidade, podem transformar o Nordeste num motor din\u00e2mico para o desenvolvimento futuro do Brasil, abandonando, de vez, seu legado hist\u00f3rico de regi\u00e3o defasada\u201d, diz o documento.<\/p>\n<p>O aprimoramento dos sistemas de intermedia\u00e7\u00e3o de m\u00e3o de obra para conectar pessoas a vagas, o foco em ind\u00fastrias em crescimento, como manufatura e servi\u00e7os, s\u00e3o apontados como caminhos para oferecer empregos de melhor qualidade.<\/p>\n<p><strong>O Banco Mundial tamb\u00e9m prop\u00f5e a cria\u00e7\u00e3o de pol\u00edticas para apoiar mulheres e grupos marginalizados, tornando o mercado de trabalho mais inclusivo. A taxa de participa\u00e7\u00e3o feminina na for\u00e7a de trabalho do Nordeste \u00e9 de apenas 41%, em compara\u00e7\u00e3o com 52% no restante do pa\u00eds.<\/strong><\/p>\n<p>Al\u00e9m disso, o documento afirma que \u00e9 necess\u00e1rio estimular o empreendedorismo e atrair investimentos para dar maior dinamismo ao ambiente de neg\u00f3cios. Entre as recomenda\u00e7\u00f5es est\u00e3o a simplifica\u00e7\u00e3o de procedimentos de abertura de empresas e rotinas administrativas; o fomento \u00e0 concorr\u00eancia; e a redu\u00e7\u00e3o da depend\u00eancia de subs\u00eddios fiscais que, segundo a publica\u00e7\u00e3o, tendem a diminuir a produtividade e concentrar mercados.<\/p>\n<p><strong>Outro ponto destacado \u00e9 acelerar a moderniza\u00e7\u00e3o da infraestrutura, o que exige investimentos em rodovias, ferrovias e redes digitais; al\u00e9m de melhorias em \u00e1gua e saneamento.<\/strong><\/p>\n<p>Tamb\u00e9m ser\u00e1 necess\u00e1rio assegurar planejamento cuidadoso e fiscaliza\u00e7\u00e3o para que os projetos tenham impacto positivo. Para ajudar a financiar e executar grandes projetos, o relat\u00f3rio incentiva a participa\u00e7\u00e3o do setor privado por meio de parcerias bem desenhadas.<\/p>\n","protected":false},"excerpt":{"rendered":"<p>Com 80% dos seus 54 milh\u00f5es de habitantes formada por jovens e pessoas em idade ativa, o Nordeste do Brasil pode desempenhar papel fundamental no progresso do pa\u00eds. A avalia\u00e7\u00e3o consta do relat\u00f3rio do Banco Mundial Rotas para o Nordeste: Produtividade, Empregos e Inclus\u00e3o, divulgado no in\u00edcio do m\u00eas. Na avalia\u00e7\u00e3o do Banco Mundial, a [&hellip;]<\/p>\n","protected":false},"author":1,"featured_media":10221,"comment_status":"open","ping_status":"open","sticky":false,"template":"","format":"standard","meta":{"site-sidebar-layout":"default","site-content-layout":"","ast-site-content-layout":"","site-content-style":"default","site-sidebar-style":"default","ast-global-header-display":"","ast-banner-title-visibility":"","ast-main-header-display":"","ast-hfb-above-header-display":"","ast-hfb-below-header-display":"","ast-hfb-mobile-header-display":"","site-post-title":"","ast-breadcrumbs-content":"","ast-featured-img":"","footer-sml-layout":"","theme-transparent-header-meta":"","adv-header-id-meta":"","stick-header-meta":"","header-above-stick-meta":"","header-main-stick-meta":"","header-below-stick-meta":"","astra-migrate-meta-layouts":"default","ast-page-background-enabled":"default","ast-page-background-meta":{"desktop":{"background-color":"var(--ast-global-color-4)","background-image":"","background-repeat":"repeat","background-position":"center center","background-size":"auto","background-attachment":"scroll","background-type":"","background-media":"","overlay-type":"","overlay-color":"","overlay-opacity":"","overlay-gradient":""},"tablet":{"background-color":"","background-image":"","background-repeat":"repeat","background-position":"center center","background-size":"auto","background-attachment":"scroll","background-type":"","background-media":"","overlay-type":"","overlay-color":"","overlay-opacity":"","overlay-gradient":""},"mobile":{"background-color":"","background-image":"","background-repeat":"repeat","background-position":"center center","background-size":"auto","background-attachment":"scroll","background-type":"","background-media":"","overlay-type":"","overlay-color":"","overlay-opacity":"","overlay-gradient":""}},"ast-content-background-meta":{"desktop":{"background-color":"var(--ast-global-color-5)","background-image":"","background-repeat":"repeat","background-position":"center center","background-size":"auto","background-attachment":"scroll","background-type":"","background-media":"","overlay-type":"","overlay-color":"","overlay-opacity":"","overlay-gradient":""},"tablet":{"background-color":"var(--ast-global-color-5)","background-image":"","background-repeat":"repeat","background-position":"center center","background-size":"auto","background-attachment":"scroll","background-type":"","background-media":"","overlay-type":"","overlay-color":"","overlay-opacity":"","overlay-gradient":""},"mobile":{"background-color":"var(--ast-global-color-5)","background-image":"","background-repeat":"repeat","background-position":"center center","background-size":"auto","background-attachment":"scroll","background-type":"","background-media":"","overlay-type":"","overlay-color":"","overlay-opacity":"","overlay-gradient":""}},"footnotes":""},"categories":[126],"tags":[],"class_list":["post-10220","post","type-post","status-publish","format-standard","has-post-thumbnail","hentry","category-policial"],"_links":{"self":[{"href":"https:\/\/jornalregionalms.com.br\/index.php?rest_route=\/wp\/v2\/posts\/10220","targetHints":{"allow":["GET"]}}],"collection":[{"href":"https:\/\/jornalregionalms.com.br\/index.php?rest_route=\/wp\/v2\/posts"}],"about":[{"href":"https:\/\/jornalregionalms.com.br\/index.php?rest_route=\/wp\/v2\/types\/post"}],"author":[{"embeddable":true,"href":"https:\/\/jornalregionalms.com.br\/index.php?rest_route=\/wp\/v2\/users\/1"}],"replies":[{"embeddable":true,"href":"https:\/\/jornalregionalms.com.br\/index.php?rest_route=%2Fwp%2Fv2%2Fcomments&post=10220"}],"version-history":[{"count":0,"href":"https:\/\/jornalregionalms.com.br\/index.php?rest_route=\/wp\/v2\/posts\/10220\/revisions"}],"wp:featuredmedia":[{"embeddable":true,"href":"https:\/\/jornalregionalms.com.br\/index.php?rest_route=\/wp\/v2\/media\/10221"}],"wp:attachment":[{"href":"https:\/\/jornalregionalms.com.br\/index.php?rest_route=%2Fwp%2Fv2%2Fmedia&parent=10220"}],"wp:term":[{"taxonomy":"category","embeddable":true,"href":"https:\/\/jornalregionalms.com.br\/index.php?rest_route=%2Fwp%2Fv2%2Fcategories&post=10220"},{"taxonomy":"post_tag","embeddable":true,"href":"https:\/\/jornalregionalms.com.br\/index.php?rest_route=%2Fwp%2Fv2%2Ftags&post=10220"}],"curies":[{"name":"wp","href":"https:\/\/api.w.org\/{rel}","templated":true}]}}