{"id":10188,"date":"2025-12-20T06:28:50","date_gmt":"2025-12-20T10:28:50","guid":{"rendered":"https:\/\/jornalregionalms.com.br\/?p=10188"},"modified":"2025-12-20T06:28:50","modified_gmt":"2025-12-20T10:28:50","slug":"foguete-tem-problema-tecnico-e-lancamento-em-alcantara-e-adiado","status":"publish","type":"post","link":"https:\/\/jornalregionalms.com.br\/?p=10188","title":{"rendered":"Foguete tem problema t\u00e9cnico e lan\u00e7amento em Alc\u00e2ntara \u00e9 adiado"},"content":{"rendered":"<\/p>\n<p><a class=\"\" href=\"https:\/\/agenciabrasil.ebc.com.br\/geral\/noticia\/2025-12\/foguete-tem-problema-tecnico-e-lancamento-em-alcantara-e-adiado\"><br \/>\n                    <img decoding=\"async\" src=\"https:\/\/cdn.jsdelivr.net\/gh\/sergiosdlima\/assets-ebc@1.0.0\/abr\/assets\/images\/logo-agenciabrasil.svg\" alt=\"Logo Ag\u00eancia Brasil\"><br \/>\n\t\t\t\t<\/a><\/p>\n<p>O lan\u00e7amento do foguete Hanbit-Nano, a partir do Centro de Lan\u00e7amento de Alc\u00e2ntara (CLA), no Maranh\u00e3o, foi adiado mais uma vez ap\u00f3s a detec\u00e7\u00e3o de um problema em uma v\u00e1lvula do equipamento.<strong> De acordo com a empresa sul-coreana Innospace, que desenvolveu o ve\u00edculo espacial, uma nova tentativa de lan\u00e7amento dever\u00e1 ocorrer no domingo (21), \u00e0s 14h45.<\/strong><img decoding=\"async\" src=\"https:\/\/agenciabrasil.ebc.com.br\/ebc.png?id=1672817&#038;o=rss\"><img decoding=\"async\" src=\"https:\/\/agenciabrasil.ebc.com.br\/ebc.gif?id=1672817&#038;o=rss\"><\/p>\n<p>Trata-se do primeiro lan\u00e7amento comercial de um ve\u00edculo espacial a partir do territ\u00f3rio nacional.<\/p>\n<\/p>\n<h3>Not\u00edcias relacionadas:<\/h3>\n<ul>\n<li><a href=\"https:\/\/agenciabrasil.ebc.com.br\/geral\/noticia\/2025-12\/primeiro-lancamento-comercial-de-foguete-no-brasil-deve-ocorrer-hoje\">Saiba mais sobre 1\u00ba lan\u00e7amento comercial de foguete no Brasil.<\/a><\/li>\n<li><a href=\"https:\/\/agenciabrasil.ebc.com.br\/internacional\/noticia\/2025-06\/em-mais-um-reves-para-space-x-foguete-starship-explode-no-texas\">Em mais um rev\u00e9s para a Space X, foguete Starship explode no Texas.<\/a><\/li>\n<\/ul>\n<p><strong>Inicialmente, o lan\u00e7amento estava previsto para ocorrer na quarta-feira (17).<\/strong> No entanto, durante a etapa final de averigua\u00e7\u00e3o dos sistemas, foi detectada uma anomalia em parte do sistema de refrigera\u00e7\u00e3o do oxidante do combust\u00edvel. A empresa decidiu ent\u00e3o adiar o lan\u00e7amento para poder trocar os componentes.<\/p>\n<p>A previs\u00e3o de lan\u00e7amento, ent\u00e3o, passou para as 15h45 desta sexta-feira. No in\u00edcio da tarde, por\u00e9m, foi novamente adiado para as 21h30. Por volta das 20h30, a Innospace comunicou que, devido a detec\u00e7\u00e3o de problemas t\u00e9cnicos, o lan\u00e7amento nesta sexta-feira havia sido cancelado.<\/p>\n<p>De acordo com a For\u00e7a A\u00e9rea Brasileira (FAB), que conduz a opera\u00e7\u00e3o de lan\u00e7amento, a janela para uma nova tentativa se estende at\u00e9 o dia 22 de dezembro.\u00a0<\/p>\n<p><strong>O ve\u00edculo espacial, com 21,8 metros de comprimento, 1,4 metros de di\u00e2metro, e 20 toneladas, levar\u00e1 sat\u00e9lites para a \u00f3rbita baixa da Terra (LEO), a uma altitude de aproximadamente 300 km e inclina\u00e7\u00e3o de 40 graus.<\/strong><\/p>\n<p>Um total de oito cargas \u00fateis est\u00e3o dentro da coifa na parte superior do ve\u00edculo de lan\u00e7amento: cinco pequenos sat\u00e9lites para coloca\u00e7\u00e3o em \u00f3rbita e tr\u00eas dispositivos experimentais, desenvolvidos por institui\u00e7\u00f5es e empresas do Brasil e da \u00cdndia. A propuls\u00e3o do equipamento \u00e9 h\u00edbrida, com combust\u00edvel s\u00f3lido e l\u00edquido.<\/p>\n","protected":false},"excerpt":{"rendered":"<p>O lan\u00e7amento do foguete Hanbit-Nano, a partir do Centro de Lan\u00e7amento de Alc\u00e2ntara (CLA), no Maranh\u00e3o, foi adiado mais uma vez ap\u00f3s a detec\u00e7\u00e3o de um problema em uma v\u00e1lvula do equipamento. De acordo com a empresa sul-coreana Innospace, que desenvolveu o ve\u00edculo espacial, uma nova tentativa de lan\u00e7amento dever\u00e1 ocorrer no domingo (21), \u00e0s [&hellip;]<\/p>\n","protected":false},"author":50,"featured_media":10189,"comment_status":"open","ping_status":"open","sticky":false,"template":"","format":"standard","meta":{"site-sidebar-layout":"default","site-content-layout":"","ast-site-content-layout":"","site-content-style":"default","site-sidebar-style":"default","ast-global-header-display":"","ast-banner-title-visibility":"","ast-main-header-display":"","ast-hfb-above-header-display":"","ast-hfb-below-header-display":"","ast-hfb-mobile-header-display":"","site-post-title":"","ast-breadcrumbs-content":"","ast-featured-img":"","footer-sml-layout":"","theme-transparent-header-meta":"","adv-header-id-meta":"","stick-header-meta":"","header-above-stick-meta":"","header-main-stick-meta":"","header-below-stick-meta":"","astra-migrate-meta-layouts":"default","ast-page-background-enabled":"default","ast-page-background-meta":{"desktop":{"background-color":"var(--ast-global-color-4)","background-image":"","background-repeat":"repeat","background-position":"center center","background-size":"auto","background-attachment":"scroll","background-type":"","background-media":"","overlay-type":"","overlay-color":"","overlay-opacity":"","overlay-gradient":""},"tablet":{"background-color":"","background-image":"","background-repeat":"repeat","background-position":"center center","background-size":"auto","background-attachment":"scroll","background-type":"","background-media":"","overlay-type":"","overlay-color":"","overlay-opacity":"","overlay-gradient":""},"mobile":{"background-color":"","background-image":"","background-repeat":"repeat","background-position":"center center","background-size":"auto","background-attachment":"scroll","background-type":"","background-media":"","overlay-type":"","overlay-color":"","overlay-opacity":"","overlay-gradient":""}},"ast-content-background-meta":{"desktop":{"background-color":"var(--ast-global-color-5)","background-image":"","background-repeat":"repeat","background-position":"center center","background-size":"auto","background-attachment":"scroll","background-type":"","background-media":"","overlay-type":"","overlay-color":"","overlay-opacity":"","overlay-gradient":""},"tablet":{"background-color":"var(--ast-global-color-5)","background-image":"","background-repeat":"repeat","background-position":"center center","background-size":"auto","background-attachment":"scroll","background-type":"","background-media":"","overlay-type":"","overlay-color":"","overlay-opacity":"","overlay-gradient":""},"mobile":{"background-color":"var(--ast-global-color-5)","background-image":"","background-repeat":"repeat","background-position":"center center","background-size":"auto","background-attachment":"scroll","background-type":"","background-media":"","overlay-type":"","overlay-color":"","overlay-opacity":"","overlay-gradient":""}},"footnotes":""},"categories":[1],"tags":[],"class_list":["post-10188","post","type-post","status-publish","format-standard","has-post-thumbnail","hentry","category-sem-categoria"],"_links":{"self":[{"href":"https:\/\/jornalregionalms.com.br\/index.php?rest_route=\/wp\/v2\/posts\/10188","targetHints":{"allow":["GET"]}}],"collection":[{"href":"https:\/\/jornalregionalms.com.br\/index.php?rest_route=\/wp\/v2\/posts"}],"about":[{"href":"https:\/\/jornalregionalms.com.br\/index.php?rest_route=\/wp\/v2\/types\/post"}],"author":[{"embeddable":true,"href":"https:\/\/jornalregionalms.com.br\/index.php?rest_route=\/wp\/v2\/users\/50"}],"replies":[{"embeddable":true,"href":"https:\/\/jornalregionalms.com.br\/index.php?rest_route=%2Fwp%2Fv2%2Fcomments&post=10188"}],"version-history":[{"count":0,"href":"https:\/\/jornalregionalms.com.br\/index.php?rest_route=\/wp\/v2\/posts\/10188\/revisions"}],"wp:featuredmedia":[{"embeddable":true,"href":"https:\/\/jornalregionalms.com.br\/index.php?rest_route=\/wp\/v2\/media\/10189"}],"wp:attachment":[{"href":"https:\/\/jornalregionalms.com.br\/index.php?rest_route=%2Fwp%2Fv2%2Fmedia&parent=10188"}],"wp:term":[{"taxonomy":"category","embeddable":true,"href":"https:\/\/jornalregionalms.com.br\/index.php?rest_route=%2Fwp%2Fv2%2Fcategories&post=10188"},{"taxonomy":"post_tag","embeddable":true,"href":"https:\/\/jornalregionalms.com.br\/index.php?rest_route=%2Fwp%2Fv2%2Ftags&post=10188"}],"curies":[{"name":"wp","href":"https:\/\/api.w.org\/{rel}","templated":true}]}}