{"id":10184,"date":"2025-12-20T06:28:43","date_gmt":"2025-12-20T10:28:43","guid":{"rendered":"https:\/\/jornalregionalms.com.br\/?p=10184"},"modified":"2025-12-20T06:28:43","modified_gmt":"2025-12-20T10:28:43","slug":"lula-inaugura-ponte-em-foz-do-iguacu-e-critica-quem-constroi-muros","status":"publish","type":"post","link":"https:\/\/jornalregionalms.com.br\/?p=10184","title":{"rendered":"Lula inaugura ponte em Foz do Igua\u00e7u e critica quem constr\u00f3i \u201cmuros\u201d"},"content":{"rendered":"<\/p>\n<p><a class=\"\" href=\"https:\/\/agenciabrasil.ebc.com.br\/politica\/noticia\/2025-12\/lula-inaugura-ponte-em-foz-do-iguacu-e-critica-quem-constroi-muros\"><br \/>\n                    <img decoding=\"async\" src=\"https:\/\/cdn.jsdelivr.net\/gh\/sergiosdlima\/assets-ebc@1.0.0\/abr\/assets\/images\/logo-agenciabrasil.svg\" alt=\"Logo Ag\u00eancia Brasil\"><br \/>\n\t\t\t\t<\/a><\/p>\n<p>Na inaugura\u00e7\u00e3o da ponte Internacional da Integra\u00e7\u00e3o Brasil-Paraguai, em Foz do Igua\u00e7u, no Paran\u00e1, na fronteira com o pa\u00eds vizinho, o presidente Luiz In\u00e1cio Lula da Silva lamentou que h\u00e1 pa\u00edses que, ao inv\u00e9s de pontes, constroem muros. <strong>\u201cTem gente querendo fazer guerra para n\u00e3o permitir que o outro passe pro seu lado. N\u00f3s aqui, sul-americanos, paraguaios e brasileiros, queremos dizer ao mundo que n\u00f3s somos da paz\u201d.<\/strong><img decoding=\"async\" src=\"https:\/\/agenciabrasil.ebc.com.br\/ebc.png?id=1672813&#038;o=rss\"><img decoding=\"async\" src=\"https:\/\/agenciabrasil.ebc.com.br\/ebc.gif?id=1672813&#038;o=rss\"><\/p>\n<p><strong>A Ponte da Integra\u00e7\u00e3o tem 760 metros de extens\u00e3o e um v\u00e3o-livre de 470 metros, o maior do continente, al\u00e9m de duas pistas simples com 3,6 metros de largura cada.<\/strong> A ponte liga Foz do Igua\u00e7u \u00e0 cidade paraguaia de Presidente Franco.<\/p>\n<\/p>\n<h3>Not\u00edcias relacionadas:<\/h3>\n<ul>\n<li><a href=\"https:\/\/agenciabrasil.ebc.com.br\/meio-ambiente\/noticia\/2025-11\/lula-inaugura-ponte-que-liga-tocantins-e-para-sobre-o-rio-araguaia\">Lula inaugura ponte que liga Tocantins e Par\u00e1 sobre o Rio Araguaia.<\/a><\/li>\n<li><a href=\"https:\/\/agenciabrasil.ebc.com.br\/politica\/noticia\/2025-11\/brasil-e-paraguai-retomam-em-dezembro-negociacoes-sobre-itaipu\">Brasil e Paraguai retomam em dezembro negocia\u00e7\u00f5es sobre Itaipu.<\/a><\/li>\n<li><a href=\"https:\/\/agenciabrasil.ebc.com.br\/politica\/noticia\/2025-12\/lula-defende-que-catadores-tenham-mais-acesso-servicos-publicos\">Lula defende que catadores tenham mais acesso \u00e0 servi\u00e7os p\u00fablicos.<\/a><\/li>\n<\/ul>\n<p>Lula disse que o presidente do Paraguai, Santiago Pe\u00f1a, vai inaugurar a parte da obra no pa\u00eds vizinho no s\u00e1bado (20). O presidente brasileiro garantiu as presen\u00e7as de equipes da\u00a0 Pol\u00edcia Federal (PF), da Pol\u00edcia Rodovi\u00e1ria Federal (PRF) e da Receita Federal. Ele explicou que a implementa\u00e7\u00e3o gradual do tr\u00e1fego tem rela\u00e7\u00e3o com a infraestrutura do lado paraguaio.\u00a0<\/p>\n<p>Lula afirmou que h\u00e1 entusiasmo pelos dois pa\u00edses porque a via vai possibilitar o incremento do com\u00e9rcio. \u201c<strong>V\u00e3o transitar bilh\u00f5es de d\u00f3lares de interesse da economia brasileira e de interesse da economia paraguaia\u201d, afirmou Lula.<\/strong><\/p>\n<h2>Investimento\u00a0<\/h2>\n<p>A estrutura do tipo estaiada \u00e9 sustentada por duas torres de 190 metros de altura, o equivalente a edif\u00edcios de aproximadamente 54 andares. A obra, que contou com recursos do Programa de Acelera\u00e7\u00e3o do Crescimento (PAC), teve investimento de R$ 1,9 bilh\u00e3o dos dois pa\u00edses e ter\u00e1 o tr\u00e1fego liberado de forma gradual. Nessa primeira fase, para caminh\u00f5es sem carga nos dois sentidos.<\/p>\n<p><strong>A obra financiada pelo governo brasileiro foi com recursos da Itaipu Binacional na ordem de R$ 712 milh\u00f5es.<\/strong> Desse total, R$ 372 milh\u00f5es foram destinados \u00e0 constru\u00e7\u00e3o da ponte estaiada, enquanto R$ 340 milh\u00f5es foram aplicados nas obras da Perimetral Leste at\u00e9 novembro de 2025.\u00a0<\/p>\n<p>O governo explicou que o modelo foi tripartite, com a participa\u00e7\u00e3o do Departamento Nacional de Infraestrutura de Transportes (DNIT) como \u00f3rg\u00e3o propriet\u00e1rio. O governo do Paran\u00e1 foi o executor e Itaipu Binacional, como respons\u00e1vel pelo repasse dos recursos.<\/p>\n<p>A estrutura tornou-se prioridade estrat\u00e9gica, integrada ao PAC, em 2012. Foram lan\u00e7ados os editais de licita\u00e7\u00e3o em 2012 e 2014, al\u00e9m da condu\u00e7\u00e3o de todo o processo de licenciamento ambiental e projetos de engenharia que resultaram na licen\u00e7a ambiental emitida pelo Ibama em fevereiro de 2017.\u00a0<\/p>\n<p>Ap\u00f3s a estrutura\u00e7\u00e3o institucional que definiu Itaipu como agente financiador em 2018, a constru\u00e7\u00e3o teve in\u00edcio em 2019 at\u00e9 a conclus\u00e3o f\u00edsica, em outubro de 2023.<\/p>\n<p><strong>O evento marcou a entrega da segunda liga\u00e7\u00e3o vi\u00e1ria sobre o Rio Paran\u00e1 entre as duas na\u00e7\u00f5es, seis d\u00e9cadas depois da inaugura\u00e7\u00e3o da Ponte da Amizade.<\/strong> Hoje, a \u00fanica conex\u00e3o vi\u00e1ria entre os dois pa\u00edses na regi\u00e3o recebe um fluxo di\u00e1rio de 100 mil pessoas e 45 mil ve\u00edculos, segundo a Receita Federal.<\/p>\n<div class=\"dnd-widget-wrapper context-cheio_8colunas type-image\">\n<div class=\"dnd-atom-rendered\"><!-- scald=448570:cheio_8colunas --><br \/>\n            <img decoding=\"async\" src=\"https:\/\/agenciabrasil.ebc.com.br\/sites\/default\/files\/thumbnails\/image\/loading_v2.gif\" data-echo=\"https:\/\/imagens.ebc.com.br\/YJJ8ADhL2EEVOcrmefOxtZoHiJU=\/754x0\/smart\/https:\/\/agenciabrasil.ebc.com.br\/sites\/default\/files\/thumbnails\/image\/2025\/12\/19\/54994601638_605f5eea69_o.jpg?itok=NC1UKeZ_\" alt=\"Foz do Igua\u00e7u (PR), 19\/12\/2025 - Abertura da Ponte da Integra\u00e7\u00e3o Brasil\u2013Paraguai. Nova Aduana Brasil\u2013Paraguai. Foto: Ricardo Stuckert\/PR\" title=\"Ricardo Stuckert\/PR\"><br \/>\n        <noscript><img decoding=\"async\" src=\"https:\/\/imagens.ebc.com.br\/YJJ8ADhL2EEVOcrmefOxtZoHiJU=\/754x0\/smart\/https:\/\/agenciabrasil.ebc.com.br\/sites\/default\/files\/thumbnails\/image\/2025\/12\/19\/54994601638_605f5eea69_o.jpg?itok=NC1UKeZ_\" alt=\"Foz do Igua\u00e7u (PR), 19\/12\/2025 - Abertura da Ponte da Integra\u00e7\u00e3o Brasil\u2013Paraguai. Nova Aduana Brasil\u2013Paraguai. Foto: Ricardo Stuckert\/PR\" title=\"Ricardo Stuckert\/PR\"><\/noscript><br \/>\n    <!-- END scald=448570 --><\/div>\n<div class=\"dnd-caption-wrapper\">\n<h6 class=\"meta\">Ponte da Integra\u00e7\u00e3o Brasil\u2013Paraguai &#8211; Foto:\u00a0<strong>Ricardo Stuckert\/PR<\/strong><!--END copyright=448570--><\/h6>\n<\/div>\n<\/div>\n<p>A nova rodovia reorganiza o fluxo de ve\u00edculos pesados na regi\u00e3o, contribui para a mobilidade urbana e a seguran\u00e7a vi\u00e1ria. Com 14,7 quil\u00f4metros de extens\u00e3o, a via conecta a BR-277 \u00e0 ponte, desviando o tr\u00e1fego de caminh\u00f5es do centro urbano de Foz do Igua\u00e7u.\u00a0<\/p>\n<p><strong>Segundo o governo federal, a entrada em opera\u00e7\u00e3o ocorrer\u00e1 de forma gradual para garantir a seguran\u00e7a e a adapta\u00e7\u00e3o dos \u00f3rg\u00e3os de fiscaliza\u00e7\u00e3o.<\/strong> Na etapa inicial, a travessia ser\u00e1 apenas para caminh\u00f5es descarregados, conhecidos como \u201cem lastro\u201d, seguindo hor\u00e1rios espec\u00edficos coordenados pela Receita Federal e Pol\u00edcia Rodovi\u00e1ria Federal.\u00a0<\/p>\n<p>Os \u00f4nibus de turismo fretados ser\u00e3o autorizados a trafegar &#8220;em breve&#8221;. A libera\u00e7\u00e3o total para ve\u00edculos de carga est\u00e1 prevista para ocorrer entre o fim de 2026 e o in\u00edcio de 2027, condicionada \u00e0 conclus\u00e3o do Corredor Metropolitano del Este, no lado paraguaio, que garantir\u00e1 a plena infraestrutura de acesso.<\/p>\n","protected":false},"excerpt":{"rendered":"<p>Na inaugura\u00e7\u00e3o da ponte Internacional da Integra\u00e7\u00e3o Brasil-Paraguai, em Foz do Igua\u00e7u, no Paran\u00e1, na fronteira com o pa\u00eds vizinho, o presidente Luiz In\u00e1cio Lula da Silva lamentou que h\u00e1 pa\u00edses que, ao inv\u00e9s de pontes, constroem muros. \u201cTem gente querendo fazer guerra para n\u00e3o permitir que o outro passe pro seu lado. N\u00f3s aqui, [&hellip;]<\/p>\n","protected":false},"author":74,"featured_media":10185,"comment_status":"open","ping_status":"open","sticky":false,"template":"","format":"standard","meta":{"site-sidebar-layout":"default","site-content-layout":"","ast-site-content-layout":"","site-content-style":"default","site-sidebar-style":"default","ast-global-header-display":"","ast-banner-title-visibility":"","ast-main-header-display":"","ast-hfb-above-header-display":"","ast-hfb-below-header-display":"","ast-hfb-mobile-header-display":"","site-post-title":"","ast-breadcrumbs-content":"","ast-featured-img":"","footer-sml-layout":"","theme-transparent-header-meta":"","adv-header-id-meta":"","stick-header-meta":"","header-above-stick-meta":"","header-main-stick-meta":"","header-below-stick-meta":"","astra-migrate-meta-layouts":"default","ast-page-background-enabled":"default","ast-page-background-meta":{"desktop":{"background-color":"var(--ast-global-color-4)","background-image":"","background-repeat":"repeat","background-position":"center center","background-size":"auto","background-attachment":"scroll","background-type":"","background-media":"","overlay-type":"","overlay-color":"","overlay-opacity":"","overlay-gradient":""},"tablet":{"background-color":"","background-image":"","background-repeat":"repeat","background-position":"center center","background-size":"auto","background-attachment":"scroll","background-type":"","background-media":"","overlay-type":"","overlay-color":"","overlay-opacity":"","overlay-gradient":""},"mobile":{"background-color":"","background-image":"","background-repeat":"repeat","background-position":"center center","background-size":"auto","background-attachment":"scroll","background-type":"","background-media":"","overlay-type":"","overlay-color":"","overlay-opacity":"","overlay-gradient":""}},"ast-content-background-meta":{"desktop":{"background-color":"var(--ast-global-color-5)","background-image":"","background-repeat":"repeat","background-position":"center center","background-size":"auto","background-attachment":"scroll","background-type":"","background-media":"","overlay-type":"","overlay-color":"","overlay-opacity":"","overlay-gradient":""},"tablet":{"background-color":"var(--ast-global-color-5)","background-image":"","background-repeat":"repeat","background-position":"center center","background-size":"auto","background-attachment":"scroll","background-type":"","background-media":"","overlay-type":"","overlay-color":"","overlay-opacity":"","overlay-gradient":""},"mobile":{"background-color":"var(--ast-global-color-5)","background-image":"","background-repeat":"repeat","background-position":"center center","background-size":"auto","background-attachment":"scroll","background-type":"","background-media":"","overlay-type":"","overlay-color":"","overlay-opacity":"","overlay-gradient":""}},"footnotes":""},"categories":[1],"tags":[],"class_list":["post-10184","post","type-post","status-publish","format-standard","has-post-thumbnail","hentry","category-sem-categoria"],"_links":{"self":[{"href":"https:\/\/jornalregionalms.com.br\/index.php?rest_route=\/wp\/v2\/posts\/10184","targetHints":{"allow":["GET"]}}],"collection":[{"href":"https:\/\/jornalregionalms.com.br\/index.php?rest_route=\/wp\/v2\/posts"}],"about":[{"href":"https:\/\/jornalregionalms.com.br\/index.php?rest_route=\/wp\/v2\/types\/post"}],"author":[{"embeddable":true,"href":"https:\/\/jornalregionalms.com.br\/index.php?rest_route=\/wp\/v2\/users\/74"}],"replies":[{"embeddable":true,"href":"https:\/\/jornalregionalms.com.br\/index.php?rest_route=%2Fwp%2Fv2%2Fcomments&post=10184"}],"version-history":[{"count":0,"href":"https:\/\/jornalregionalms.com.br\/index.php?rest_route=\/wp\/v2\/posts\/10184\/revisions"}],"wp:featuredmedia":[{"embeddable":true,"href":"https:\/\/jornalregionalms.com.br\/index.php?rest_route=\/wp\/v2\/media\/10185"}],"wp:attachment":[{"href":"https:\/\/jornalregionalms.com.br\/index.php?rest_route=%2Fwp%2Fv2%2Fmedia&parent=10184"}],"wp:term":[{"taxonomy":"category","embeddable":true,"href":"https:\/\/jornalregionalms.com.br\/index.php?rest_route=%2Fwp%2Fv2%2Fcategories&post=10184"},{"taxonomy":"post_tag","embeddable":true,"href":"https:\/\/jornalregionalms.com.br\/index.php?rest_route=%2Fwp%2Fv2%2Ftags&post=10184"}],"curies":[{"name":"wp","href":"https:\/\/api.w.org\/{rel}","templated":true}]}}