{"id":10180,"date":"2025-12-20T06:28:40","date_gmt":"2025-12-20T10:28:40","guid":{"rendered":"https:\/\/jornalregionalms.com.br\/?p=10180"},"modified":"2025-12-20T06:28:40","modified_gmt":"2025-12-20T10:28:40","slug":"stf-anula-parte-de-investigacao-contra-governador-do-acre","status":"publish","type":"post","link":"https:\/\/jornalregionalms.com.br\/?p=10180","title":{"rendered":"STF anula parte de investiga\u00e7\u00e3o contra governador do Acre"},"content":{"rendered":"<\/p>\n<p><a class=\"\" href=\"https:\/\/agenciabrasil.ebc.com.br\/justica\/noticia\/2025-12\/stf-anula-parte-de-investigacao-contra-governador-do-acre\"><br \/>\n                    <img decoding=\"async\" src=\"https:\/\/cdn.jsdelivr.net\/gh\/sergiosdlima\/assets-ebc@1.0.0\/abr\/assets\/images\/logo-agenciabrasil.svg\" alt=\"Logo Ag\u00eancia Brasil\"><br \/>\n\t\t\t\t<\/a><\/p>\n<p>A <strong>Segunda Turma\u00a0do\u00a0Supremo Tribunal Federal decidiu nesta sexta-feira (19) anular parte da apura\u00e7\u00e3o da Pol\u00edcia Federal (PF) que investigou o\u00a0governador\u00a0do\u00a0Acre, Gladson Cameli<\/strong>.<img decoding=\"async\" src=\"https:\/\/agenciabrasil.ebc.com.br\/ebc.png?id=1672819&#038;o=rss\"><img decoding=\"async\" src=\"https:\/\/agenciabrasil.ebc.com.br\/ebc.gif?id=1672819&#038;o=rss\"><\/p>\n<p>Com base nas acusa\u00e7\u00f5es, o\u00a0governador\u00a0virou r\u00e9u no Superior Tribunal de Justi\u00e7a (STJ) pelos crimes de corrup\u00e7\u00e3o, peculato, lavagem de dinheiro e fraude a licita\u00e7\u00e3o.<\/p>\n<\/p>\n<h3>Not\u00edcias relacionadas:<\/h3>\n<ul>\n<li><a href=\"https:\/\/agenciabrasil.ebc.com.br\/justica\/noticia\/2025-12\/stf-tem-maioria-para-anular-investigacao-contra-governador-do-acre\">STF tem maioria para anular investiga\u00e7\u00e3o contra governador do Acre .<\/a><\/li>\n<\/ul>\n<p>A acusa\u00e7\u00e3o envolve o suposto desvio de recursos p\u00fablicos por meio de empresas que tinham contrato com o governo estadual.<\/p>\n<p>De acordo com as investiga\u00e7\u00f5es da PF, as empresas contrataram outras firmas, que tinham familiares\u00a0do\u00a0governador\u00a0como s\u00f3cios e realizavam os desvios. Cerca de R$ 11 milh\u00f5es teriam sido desviados, conforme a investiga\u00e7\u00e3o.<\/p>\n<h2>Votos<\/h2>\n<p>O <strong>colegiado formou placar de 4 votos a 1 para aceitar recurso da defesa<\/strong> e reconhecer que houve irregularidades na apura\u00e7\u00e3o contra o\u00a0governador. A vota\u00e7\u00e3o virtual foi conclu\u00edda hoje.<\/p>\n<p>Os advogados alegaram que a investiga\u00e7\u00e3o foi marcada pela requisi\u00e7\u00e3o irregular de relat\u00f3rios\u00a0do\u00a0Coaf e outras medidas sem autoriza\u00e7\u00e3o judicial. \u00a0<\/p>\n<p>Prevaleceu no julgamento o voto de Mendon\u00e7a. O ministro citou que as irregularidades ocorreram no in\u00edcio das investiga\u00e7\u00f5es, quando foram solicitados pela PF relat\u00f3rios financeiros\u00a0do\u00a0Coaf.<\/p>\n<p>As suspeitas come\u00e7aram a ser investigadas em 2019. Somente nos anos seguintes, o caso foi enviado ao STJ, tribunal respons\u00e1vel pelo julgamento de\u00a0governadores.<\/p>\n<p>\u201cDou provimento parcial ao recurso para reconhecer, no tocante ao paciente, a usurpa\u00e7\u00e3o da compet\u00eancia\u00a0do\u00a0STJ nas investiga\u00e7\u00f5es realizadas entre 25\/05\/2020 e 12\/01\/2021. Assim, voto para declarar a nulidade das provas produzidas contra o paciente e encartadas no per\u00edodo, bem como das provas delas diretamente derivadas\u201d, votou Mendon\u00e7a.<\/p>\n<p>O entendimento foi seguido pelos ministros Dias Toffoli, Gilmar Mendes e Nunes Marques, que, apesar de seguir os demais colegas, apresentou uma diverg\u00eancia.<\/p>\n<p>O ministro votou para retirar do processo o relat\u00f3rio de intelig\u00eancia do Coaf, mas n\u00e3o anulou parte da investiga\u00e7\u00e3o.\u00a0<\/p>\n<p>O relator, Edson Fachin, ficou vencido e votou contra o recurso da defesa\u00a0do\u00a0governador.<\/p>\n<h2>Julgamento<\/h2>\n<p>Em paralelo ao recurso da defesa no STF, a <strong>Corte Especial\u00a0do\u00a0STJ iniciou na quarta-feira (17) o julgamento da a\u00e7\u00e3o penal contra o\u00a0governador.<\/strong><\/p>\n<p>No voto proferido durante a sess\u00e3o, a ministra Nancy Andrighi, relatora, votou pela condena\u00e7\u00e3o de Cameli a 25 anos de pris\u00e3o e ao pagamento de R$ 11 milh\u00f5es de indeniza\u00e7\u00e3o. A ministra tamb\u00e9m determinou que o\u00a0governador\u00a0deve perder o cargo.\u00a0<\/p>\n<p>Em seguida, o ministro Jo\u00e3o Ot\u00e1vio de Noronha pediu vista\u00a0do\u00a0processo.<\/p>\n<p>Devido ao recesso de fim de ano, o julgamento ser\u00e1 retomado em 2026.\u00a0<\/p>\n","protected":false},"excerpt":{"rendered":"<p>A Segunda Turma\u00a0do\u00a0Supremo Tribunal Federal decidiu nesta sexta-feira (19) anular parte da apura\u00e7\u00e3o da Pol\u00edcia Federal (PF) que investigou o\u00a0governador\u00a0do\u00a0Acre, Gladson Cameli. Com base nas acusa\u00e7\u00f5es, o\u00a0governador\u00a0virou r\u00e9u no Superior Tribunal de Justi\u00e7a (STJ) pelos crimes de corrup\u00e7\u00e3o, peculato, lavagem de dinheiro e fraude a licita\u00e7\u00e3o. Not\u00edcias relacionadas: STF tem maioria para anular investiga\u00e7\u00e3o contra [&hellip;]<\/p>\n","protected":false},"author":28,"featured_media":10181,"comment_status":"open","ping_status":"open","sticky":false,"template":"","format":"standard","meta":{"site-sidebar-layout":"default","site-content-layout":"","ast-site-content-layout":"","site-content-style":"default","site-sidebar-style":"default","ast-global-header-display":"","ast-banner-title-visibility":"","ast-main-header-display":"","ast-hfb-above-header-display":"","ast-hfb-below-header-display":"","ast-hfb-mobile-header-display":"","site-post-title":"","ast-breadcrumbs-content":"","ast-featured-img":"","footer-sml-layout":"","theme-transparent-header-meta":"","adv-header-id-meta":"","stick-header-meta":"","header-above-stick-meta":"","header-main-stick-meta":"","header-below-stick-meta":"","astra-migrate-meta-layouts":"default","ast-page-background-enabled":"default","ast-page-background-meta":{"desktop":{"background-color":"var(--ast-global-color-4)","background-image":"","background-repeat":"repeat","background-position":"center center","background-size":"auto","background-attachment":"scroll","background-type":"","background-media":"","overlay-type":"","overlay-color":"","overlay-opacity":"","overlay-gradient":""},"tablet":{"background-color":"","background-image":"","background-repeat":"repeat","background-position":"center center","background-size":"auto","background-attachment":"scroll","background-type":"","background-media":"","overlay-type":"","overlay-color":"","overlay-opacity":"","overlay-gradient":""},"mobile":{"background-color":"","background-image":"","background-repeat":"repeat","background-position":"center center","background-size":"auto","background-attachment":"scroll","background-type":"","background-media":"","overlay-type":"","overlay-color":"","overlay-opacity":"","overlay-gradient":""}},"ast-content-background-meta":{"desktop":{"background-color":"var(--ast-global-color-5)","background-image":"","background-repeat":"repeat","background-position":"center center","background-size":"auto","background-attachment":"scroll","background-type":"","background-media":"","overlay-type":"","overlay-color":"","overlay-opacity":"","overlay-gradient":""},"tablet":{"background-color":"var(--ast-global-color-5)","background-image":"","background-repeat":"repeat","background-position":"center center","background-size":"auto","background-attachment":"scroll","background-type":"","background-media":"","overlay-type":"","overlay-color":"","overlay-opacity":"","overlay-gradient":""},"mobile":{"background-color":"var(--ast-global-color-5)","background-image":"","background-repeat":"repeat","background-position":"center center","background-size":"auto","background-attachment":"scroll","background-type":"","background-media":"","overlay-type":"","overlay-color":"","overlay-opacity":"","overlay-gradient":""}},"footnotes":""},"categories":[1],"tags":[],"class_list":["post-10180","post","type-post","status-publish","format-standard","has-post-thumbnail","hentry","category-sem-categoria"],"_links":{"self":[{"href":"https:\/\/jornalregionalms.com.br\/index.php?rest_route=\/wp\/v2\/posts\/10180","targetHints":{"allow":["GET"]}}],"collection":[{"href":"https:\/\/jornalregionalms.com.br\/index.php?rest_route=\/wp\/v2\/posts"}],"about":[{"href":"https:\/\/jornalregionalms.com.br\/index.php?rest_route=\/wp\/v2\/types\/post"}],"author":[{"embeddable":true,"href":"https:\/\/jornalregionalms.com.br\/index.php?rest_route=\/wp\/v2\/users\/28"}],"replies":[{"embeddable":true,"href":"https:\/\/jornalregionalms.com.br\/index.php?rest_route=%2Fwp%2Fv2%2Fcomments&post=10180"}],"version-history":[{"count":0,"href":"https:\/\/jornalregionalms.com.br\/index.php?rest_route=\/wp\/v2\/posts\/10180\/revisions"}],"wp:featuredmedia":[{"embeddable":true,"href":"https:\/\/jornalregionalms.com.br\/index.php?rest_route=\/wp\/v2\/media\/10181"}],"wp:attachment":[{"href":"https:\/\/jornalregionalms.com.br\/index.php?rest_route=%2Fwp%2Fv2%2Fmedia&parent=10180"}],"wp:term":[{"taxonomy":"category","embeddable":true,"href":"https:\/\/jornalregionalms.com.br\/index.php?rest_route=%2Fwp%2Fv2%2Fcategories&post=10180"},{"taxonomy":"post_tag","embeddable":true,"href":"https:\/\/jornalregionalms.com.br\/index.php?rest_route=%2Fwp%2Fv2%2Ftags&post=10180"}],"curies":[{"name":"wp","href":"https:\/\/api.w.org\/{rel}","templated":true}]}}