{"id":10178,"date":"2025-12-20T06:28:33","date_gmt":"2025-12-20T10:28:33","guid":{"rendered":"https:\/\/jornalregionalms.com.br\/?p=10178"},"modified":"2025-12-20T06:28:33","modified_gmt":"2025-12-20T10:28:33","slug":"governo-aposta-em-receitas-extras-para-reforcar-orcamento-em-2026","status":"publish","type":"post","link":"https:\/\/jornalregionalms.com.br\/?p=10178","title":{"rendered":"Governo aposta em receitas extras para refor\u00e7ar Or\u00e7amento em 2026"},"content":{"rendered":"<p>Aprovado nesta sexta-feira (19) pelo Congresso, o Or\u00e7amento Geral da Uni\u00e3o de 2026 ter\u00e1 medidas extras, n\u00e3o inclu\u00eddas no <strong>texto aprovado, para refor\u00e7ar o caixa e manter vi\u00e1vel o cumprimento da meta fiscal de super\u00e1vit <\/strong>de R$ 34,3 bilh\u00f5es no pr\u00f3ximo ano.<img decoding=\"async\" src=\"https:\/\/agenciabrasil.ebc.com.br\/ebc.png?id=1672786&#038;o=rss\"><img decoding=\"async\" src=\"https:\/\/agenciabrasil.ebc.com.br\/ebc.gif?id=1672786&#038;o=rss\"><\/p>\n<p>Entre as cartas da equipe econ\u00f4mica, est\u00e3o a aprova\u00e7\u00e3o do projeto do devedor contumaz, a cobran\u00e7a de Imposto sobre Opera\u00e7\u00f5es Financeiras (IOF) sobre criptoativos e renegocia\u00e7\u00f5es especiais com devedores da Uni\u00e3o.<\/p>\n<p>O ministro da Fazenda, Fernando Haddad, anunciou as medidas com potencial de arrecadar receitas extras na quinta-feira (18), em caf\u00e9 de fim de ano com jornalistas. Ele tamb\u00e9m mencionou a expectativa de decis\u00f5es do Supremo Tribunal Federal (STF) favor\u00e1veis ao governo e o aumento do Imposto de Importa\u00e7\u00e3o para alguns produtos.<\/p>\n<p>Segundo Haddad, a<strong> equipe econ\u00f4mica trabalha com um \u201cmapa de possibilidades\u201d para recompor a arrecada\u00e7\u00e3o<\/strong>, ap\u00f3s o Congresso <a href=\"https:\/\/agenciabrasil.ebc.com.br\/politica\/noticia\/2025-12\/camara-aprova-reducao-de-beneficios-fiscais-projeto-vai-ao-senado\" target=\"_blank\">aprovar um pacote fiscal com alcance menor do que o inicialmente projetado pelo governo<\/a>.<\/p>\n<p>A equipe econ\u00f4mica previa arrecadar cerca de R$ 30 bilh\u00f5es com o corte linear de benef\u00edcios fiscais, al\u00e9m do aumento de tributos sobre Juros sobre Capital Pr\u00f3prio (JCP), casas de apostas (bets) e fintechs. No entanto, c\u00e1lculos de lideran\u00e7as do Congresso indicam que a vers\u00e3o final deve gerar algo em torno de R$ 22,4 bilh\u00f5es em 2026.<\/p>\n<p>\u201cO or\u00e7amento tem desafios, mas \u00e9 cr\u00edvel. N\u00e3o h\u00e1 nada incoerente na pe\u00e7a de 2026\u201d, afirmou o ministro, ao defender a estrat\u00e9gia da Fazenda para cumprir a meta fiscal estabelecida na Lei de Diretrizes Or\u00e7ament\u00e1rias (LDO), que prev\u00ea super\u00e1vit de 0,25% do PIB, o equivalente a cerca de R$ 34,3 bilh\u00f5es.<\/p>\n<p>Pelo novo arcabou\u00e7o fiscal, o governo cumpre a meta se alcan\u00e7ar d\u00e9ficit zero por causa da margem de toler\u00e2ncia de 0,25 ponto percentual.<\/p>\n<h2>Devedor contumaz e frustra\u00e7\u00e3o de receitas<\/h2>\n<p>Haddad informou que ainda n\u00e3o h\u00e1 estimativas consolidadas sobre o impacto do projeto de lei que combate o devedor contumaz, empresas que usam a inadimpl\u00eancia tribut\u00e1ria como estrat\u00e9gia de neg\u00f3cio. Segundo ele, a arrecada\u00e7\u00e3o potencial pode ajudar a compensar a frustra\u00e7\u00e3o de receitas decorrente da desidrata\u00e7\u00e3o do pacote aprovado pelo Congresso.<\/p>\n<p>Na quarta-feira (17), o Senado concluiu a aprova\u00e7\u00e3o do projeto que reduz em 10% parte dos benef\u00edcios fiscais concedidos a empresas. O texto tamb\u00e9m eleva tributos sobre bets, fintechs e JCP, medidas que haviam sido rejeitadas anteriormente, mas acabaram incorporadas para refor\u00e7ar a arrecada\u00e7\u00e3o. O projeto aguarda san\u00e7\u00e3o do presidente Luiz In\u00e1cio Lula da Silva.<\/p>\n<p>No in\u00edcio da semana, Haddad tinha dito que<a href=\"https:\/\/agenciabrasil.ebc.com.br\/economia\/noticia\/2025-12\/orcamento-de-2026-precisa-de-r-20-bi-para-ser-fechado-diz-haddad\" target=\"_blank\"> precisava de R$ 20 bilh\u00f5es para equilibrar o Or\u00e7amento de 2026<\/a>. No entanto, ao considerar todas as medidas que dependiam de aprova\u00e7\u00e3o do Congresso inclu\u00eddas no projeto original do Or\u00e7amento, as receitas extras estavam previstas em R$ 28 bilh\u00f5es.<\/p>\n<h2>Outras alternativas<\/h2>\n<p>Al\u00e9m do devedor contumaz, Haddad citou a possibilidade de regulamenta\u00e7\u00e3o da tributa\u00e7\u00e3o sobre transa\u00e7\u00f5es com criptoativos, que depende da defini\u00e7\u00e3o de regras pelo Banco Central, e o aumento do Imposto de Importa\u00e7\u00e3o sobre determinados produtos. Tamb\u00e9m mencionou a possibilidade de altera\u00e7\u00f5es em al\u00edquotas do IOF e a realiza\u00e7\u00e3o de grandes transa\u00e7\u00f5es tribut\u00e1rias, mecanismo que permite acordos entre a Uni\u00e3o e contribuintes para a quita\u00e7\u00e3o de d\u00e9bitos.<\/p>\n<p>Segundo o ministro, decis\u00f5es do STF pr\u00f3ximas de uma conclus\u00e3o definitiva tamb\u00e9m podem gerar receitas \u201crazo\u00e1veis\u201d em 2026. Haddad, no entanto, n\u00e3o detalhou quais processos est\u00e3o no radar da equipe econ\u00f4mica.<\/p>\n<h2>Defesa do Or\u00e7amento e cr\u00edticas ao passado<\/h2>\n<p>Haddad rejeitou cr\u00edticas de que o governo teria sido ing\u00eanuo ao incluir no Or\u00e7amento medidas ainda n\u00e3o aprovadas pelo Congresso.<\/p>\n<p>\u201cQuando tem que se fazer esfor\u00e7o fiscal, \u00e9 imposs\u00edvel mandar a pe\u00e7a or\u00e7ament\u00e1ria sem as medidas necess\u00e1rias para dar respaldo a ela\u201d, disse.<\/p>\n<p>Ele afirmou que a margem de decis\u00f5es pr\u00f3prias do ministro da Fazenda \u00e9 pequena e negou enviar propostas que considere invi\u00e1veis politicamente.<\/p>\n<p>No caf\u00e9 de fim de ano com jornalistas, o ministro voltou a afirmar que as contas p\u00fablicas est\u00e3o desorganizadas desde 2015 e disse ter herdado um d\u00e9ficit de cerca de R$ 180 bilh\u00f5es. Tamb\u00e9m criticou o antigo teto de gastos, criado no governo Michel Temer, afirmando que a regra perdeu credibilidade e que o atual governo recebeu juros elevados.<\/p>\n<p>Ao comentar a situa\u00e7\u00e3o do Banco Central, Haddad afirmou que o atual presidente da institui\u00e7\u00e3o, Gabriel Gal\u00edpolo, indicado por Lula, \u201cherdou problemas graves\u201d.<\/p>\n","protected":false},"excerpt":{"rendered":"<p>Aprovado nesta sexta-feira (19) pelo Congresso, o Or\u00e7amento Geral da Uni\u00e3o de 2026 ter\u00e1 medidas extras, n\u00e3o inclu\u00eddas no texto aprovado, para refor\u00e7ar o caixa e manter vi\u00e1vel o cumprimento da meta fiscal de super\u00e1vit de R$ 34,3 bilh\u00f5es no pr\u00f3ximo ano. Entre as cartas da equipe econ\u00f4mica, est\u00e3o a aprova\u00e7\u00e3o do projeto do devedor [&hellip;]<\/p>\n","protected":false},"author":1,"featured_media":10179,"comment_status":"open","ping_status":"open","sticky":false,"template":"","format":"standard","meta":{"site-sidebar-layout":"default","site-content-layout":"","ast-site-content-layout":"","site-content-style":"default","site-sidebar-style":"default","ast-global-header-display":"","ast-banner-title-visibility":"","ast-main-header-display":"","ast-hfb-above-header-display":"","ast-hfb-below-header-display":"","ast-hfb-mobile-header-display":"","site-post-title":"","ast-breadcrumbs-content":"","ast-featured-img":"","footer-sml-layout":"","theme-transparent-header-meta":"","adv-header-id-meta":"","stick-header-meta":"","header-above-stick-meta":"","header-main-stick-meta":"","header-below-stick-meta":"","astra-migrate-meta-layouts":"default","ast-page-background-enabled":"default","ast-page-background-meta":{"desktop":{"background-color":"var(--ast-global-color-4)","background-image":"","background-repeat":"repeat","background-position":"center center","background-size":"auto","background-attachment":"scroll","background-type":"","background-media":"","overlay-type":"","overlay-color":"","overlay-opacity":"","overlay-gradient":""},"tablet":{"background-color":"","background-image":"","background-repeat":"repeat","background-position":"center center","background-size":"auto","background-attachment":"scroll","background-type":"","background-media":"","overlay-type":"","overlay-color":"","overlay-opacity":"","overlay-gradient":""},"mobile":{"background-color":"","background-image":"","background-repeat":"repeat","background-position":"center center","background-size":"auto","background-attachment":"scroll","background-type":"","background-media":"","overlay-type":"","overlay-color":"","overlay-opacity":"","overlay-gradient":""}},"ast-content-background-meta":{"desktop":{"background-color":"var(--ast-global-color-5)","background-image":"","background-repeat":"repeat","background-position":"center center","background-size":"auto","background-attachment":"scroll","background-type":"","background-media":"","overlay-type":"","overlay-color":"","overlay-opacity":"","overlay-gradient":""},"tablet":{"background-color":"var(--ast-global-color-5)","background-image":"","background-repeat":"repeat","background-position":"center center","background-size":"auto","background-attachment":"scroll","background-type":"","background-media":"","overlay-type":"","overlay-color":"","overlay-opacity":"","overlay-gradient":""},"mobile":{"background-color":"var(--ast-global-color-5)","background-image":"","background-repeat":"repeat","background-position":"center center","background-size":"auto","background-attachment":"scroll","background-type":"","background-media":"","overlay-type":"","overlay-color":"","overlay-opacity":"","overlay-gradient":""}},"footnotes":""},"categories":[126],"tags":[],"class_list":["post-10178","post","type-post","status-publish","format-standard","has-post-thumbnail","hentry","category-policial"],"_links":{"self":[{"href":"https:\/\/jornalregionalms.com.br\/index.php?rest_route=\/wp\/v2\/posts\/10178","targetHints":{"allow":["GET"]}}],"collection":[{"href":"https:\/\/jornalregionalms.com.br\/index.php?rest_route=\/wp\/v2\/posts"}],"about":[{"href":"https:\/\/jornalregionalms.com.br\/index.php?rest_route=\/wp\/v2\/types\/post"}],"author":[{"embeddable":true,"href":"https:\/\/jornalregionalms.com.br\/index.php?rest_route=\/wp\/v2\/users\/1"}],"replies":[{"embeddable":true,"href":"https:\/\/jornalregionalms.com.br\/index.php?rest_route=%2Fwp%2Fv2%2Fcomments&post=10178"}],"version-history":[{"count":0,"href":"https:\/\/jornalregionalms.com.br\/index.php?rest_route=\/wp\/v2\/posts\/10178\/revisions"}],"wp:featuredmedia":[{"embeddable":true,"href":"https:\/\/jornalregionalms.com.br\/index.php?rest_route=\/wp\/v2\/media\/10179"}],"wp:attachment":[{"href":"https:\/\/jornalregionalms.com.br\/index.php?rest_route=%2Fwp%2Fv2%2Fmedia&parent=10178"}],"wp:term":[{"taxonomy":"category","embeddable":true,"href":"https:\/\/jornalregionalms.com.br\/index.php?rest_route=%2Fwp%2Fv2%2Fcategories&post=10178"},{"taxonomy":"post_tag","embeddable":true,"href":"https:\/\/jornalregionalms.com.br\/index.php?rest_route=%2Fwp%2Fv2%2Ftags&post=10178"}],"curies":[{"name":"wp","href":"https:\/\/api.w.org\/{rel}","templated":true}]}}