{"id":10176,"date":"2025-12-20T06:28:34","date_gmt":"2025-12-20T10:28:34","guid":{"rendered":"https:\/\/jornalregionalms.com.br\/?p=10176"},"modified":"2025-12-20T06:28:34","modified_gmt":"2025-12-20T10:28:34","slug":"cmn-regulamenta-linha-de-r-6-bi-para-financiamento-de-caminhoes","status":"publish","type":"post","link":"https:\/\/jornalregionalms.com.br\/?p=10176","title":{"rendered":"CMN regulamenta linha de R$ 6 bi para financiamento de caminh\u00f5es"},"content":{"rendered":"<\/p>\n<p><a class=\"\" href=\"https:\/\/agenciabrasil.ebc.com.br\/economia\/noticia\/2025-12\/cmn-regulamenta-linha-de-r-6-bi-para-financiamento-de-caminhoes\"><br \/>\n                    <img decoding=\"async\" src=\"https:\/\/cdn.jsdelivr.net\/gh\/sergiosdlima\/assets-ebc@1.0.0\/abr\/assets\/images\/logo-agenciabrasil.svg\" alt=\"Logo Ag\u00eancia Brasil\"><br \/>\n\t\t\t\t<\/a><\/p>\n<p><strong>O Conselho Monet\u00e1rio Nacional (CMN) aprovou a regulamenta\u00e7\u00e3o de uma linha de financiamento de at\u00e9 R$ 6 bilh\u00f5es para a compra de caminh\u00f5es novos e seminovos, voltada \u00e0 renova\u00e7\u00e3o sustent\u00e1vel da frota nacional. <\/strong>A medida foi definida em reuni\u00e3o extraordin\u00e1ria nesta sexta-feira (19).<img decoding=\"async\" src=\"https:\/\/agenciabrasil.ebc.com.br\/ebc.png?id=1672789&#038;o=rss\"><img decoding=\"async\" src=\"https:\/\/agenciabrasil.ebc.com.br\/ebc.gif?id=1672789&#038;o=rss\"><\/p>\n<p>A regulamenta\u00e7\u00e3o permite que os bancos comecem a oferecer a linha de cr\u00e9dito criada pela <a href=\"http:\/\/ttps\/\/www.planalto.gov.br\/ccivil_03\/_ato2023-2026\/2025\/Mpv\/mpv1328.htm\" target=\"_blank\">Medida Provis\u00f3ria 1.328<\/a>, publicada no <em>Di\u00e1rio Oficial da Uni\u00e3o<\/em> na ter\u00e7a-feira (16).<\/p>\n<\/p>\n<h3>Not\u00edcias relacionadas:<\/h3>\n<ul>\n<li><a href=\"https:\/\/agenciabrasil.ebc.com.br\/economia\/noticia\/2025-12\/cmn-amplia-socorro-produtores-afetados-pelo-clima\">CMN amplia socorro a produtores afetados pelo clima.<\/a><\/li>\n<li><a href=\"https:\/\/agenciabrasil.ebc.com.br\/economia\/noticia\/2025-11\/cmn-amplia-em-r-31-bi-limite-de-credito-de-entes-publicos-em-2025\">CMN amplia em R$ 3,1 bi limite de cr\u00e9dito de entes p\u00fablicos em 2025.<\/a><\/li>\n<li><a href=\"https:\/\/agenciabrasil.ebc.com.br\/economia\/noticia\/2025-11\/cmn-amplia-acesso-credito-empresas-afetadas-por-tarifaco-dos-eua\">CMN amplia acesso a cr\u00e9dito a empresas afetadas por tarifa\u00e7o dos EUA.<\/a><\/li>\n<\/ul>\n<p>A seguir, entenda como funciona a nova linha, quem pode acessar e quais s\u00e3o as principais condi\u00e7\u00f5es.<\/p>\n<p><strong>O que \u00e9 a nova linha de financiamento?<\/strong><\/p>\n<p>Trata-se de uma linha de cr\u00e9dito criada pelo governo federal para estimular a renova\u00e7\u00e3o da frota de caminh\u00f5es no pa\u00eds, considerada envelhecida, com impactos negativos sobre custos log\u00edsticos, seguran\u00e7a nas estradas e emiss\u00f5es de poluentes.<\/p>\n<p>O programa tamb\u00e9m busca reagir \u00e0 queda na produ\u00e7\u00e3o e nas vendas de caminh\u00f5es ao longo de 2025, informou em nota o Minist\u00e9rio da Fazenda.<\/p>\n<p><strong>Qual \u00e9 o valor dispon\u00edvel?<\/strong><\/p>\n<p>A linha contar\u00e1 com at\u00e9<strong> R$ 6 bilh\u00f5es<\/strong>, autorizados por Medida Provis\u00f3ria, combinados com recursos pr\u00f3prios do BNDES.<\/p>\n<p>De acordo com a Fazenda, a <strong>medida n\u00e3o ter\u00e1 impacto fiscal prim\u00e1rio<\/strong>, j\u00e1 que os financiamentos s\u00e3o reembols\u00e1veis, n\u00e3o contam com garantia da Uni\u00e3o e t\u00eam risco de cr\u00e9dito assumido pelas institui\u00e7\u00f5es financeiras participantes.<\/p>\n<p><strong>Quem pode pedir o financiamento?<\/strong><\/p>\n<p>O programa \u00e9 voltado a:<\/p>\n<ul>\n<li>Transportadoras e frotistas;<\/li>\n<li>Motoristas aut\u00f4nomos;<\/li>\n<li>Empresas interessadas na aquisi\u00e7\u00e3o de caminh\u00f5es novos ou seminovos.<\/li>\n<\/ul>\n<p>O <strong>valor m\u00e1ximo<\/strong> de financiamento \u00e9 de <strong>R$ 50 milh\u00f5es por mutu\u00e1rio<\/strong>.<\/p>\n<p><strong>Como o cr\u00e9dito ser\u00e1 operado?<\/strong><\/p>\n<p>A linha ser\u00e1 operada pelo Banco Nacional de Desenvolvimento Econ\u00f4mico e Social (BNDES), exclusivamente na modalidade indireta, ou seja, por meio de bancos e institui\u00e7\u00f5es financeiras credenciadas.<\/p>\n<p>Cabe a essas institui\u00e7\u00f5es a an\u00e1lise de cr\u00e9dito e a concess\u00e3o dos financiamentos.<\/p>\n<p><strong>Quais s\u00e3o as condi\u00e7\u00f5es do financiamento?<\/strong><\/p>\n<p>Segundo a regulamenta\u00e7\u00e3o aprovada pelo CMN:<\/p>\n<ul>\n<li>O prazo de reembolso pode chegar a 60 meses;<\/li>\n<li>Haver\u00e1 car\u00eancia de at\u00e9 seis meses para o pagamento da primeira parcela;<\/li>\n<li>N\u00e3o \u00e9 permitida a capitaliza\u00e7\u00e3o de juros durante o per\u00edodo de car\u00eancia;<\/li>\n<li>Os pedidos de financiamento poder\u00e3o ser protocolados at\u00e9 30 de junho de 2026.<\/li>\n<\/ul>\n<p>A resolu\u00e7\u00e3o entra em vigor nesta sexta-feira.<\/p>\n<p><strong>H\u00e1 incentivos para caminh\u00f5es menos poluentes?<\/strong><\/p>\n<p>Sim. De acordo com o vice-presidente e ministro do Desenvolvimento, Ind\u00fastria, Com\u00e9rcio e Servi\u00e7os, Geraldo Alckmin, o programa prev\u00ea condi\u00e7\u00f5es mais favor\u00e1veis de juros para caminh\u00f5es movidos a eletricidade ou biometano, que costumam ter custo mais elevado do que os modelos a diesel.<\/p>\n<p><strong>Qual \u00e9 o objetivo do governo?<\/strong><\/p>\n<p>Segundo o Minist\u00e9rio da Fazenda, a iniciativa busca:<\/p>\n<ul>\n<li>Reduzir a idade m\u00e9dia da frota de caminh\u00f5es;<\/li>\n<li>Aumentar a efici\u00eancia log\u00edstica;<\/li>\n<li>Diminuir custos operacionais do transporte;<\/li>\n<li>Melhorar a seguran\u00e7a vi\u00e1ria;<\/li>\n<li>Mitigar impactos ambientais associados \u00e0s emiss\u00f5es de poluentes.<\/li>\n<\/ul>\n<p>Al\u00e9m disso, o programa pretende dar suporte ao setor de caminh\u00f5es em um momento de desacelera\u00e7\u00e3o da atividade econ\u00f4mica.<\/p>\n<p>Com a regulamenta\u00e7\u00e3o aprovada, a expectativa do governo \u00e9 que os financiamentos comecem a ser oferecidos pelas institui\u00e7\u00f5es credenciadas nos pr\u00f3ximos meses.<\/p>\n","protected":false},"excerpt":{"rendered":"<p>O Conselho Monet\u00e1rio Nacional (CMN) aprovou a regulamenta\u00e7\u00e3o de uma linha de financiamento de at\u00e9 R$ 6 bilh\u00f5es para a compra de caminh\u00f5es novos e seminovos, voltada \u00e0 renova\u00e7\u00e3o sustent\u00e1vel da frota nacional. A medida foi definida em reuni\u00e3o extraordin\u00e1ria nesta sexta-feira (19). A regulamenta\u00e7\u00e3o permite que os bancos comecem a oferecer a linha de [&hellip;]<\/p>\n","protected":false},"author":68,"featured_media":10177,"comment_status":"open","ping_status":"open","sticky":false,"template":"","format":"standard","meta":{"site-sidebar-layout":"default","site-content-layout":"","ast-site-content-layout":"","site-content-style":"default","site-sidebar-style":"default","ast-global-header-display":"","ast-banner-title-visibility":"","ast-main-header-display":"","ast-hfb-above-header-display":"","ast-hfb-below-header-display":"","ast-hfb-mobile-header-display":"","site-post-title":"","ast-breadcrumbs-content":"","ast-featured-img":"","footer-sml-layout":"","theme-transparent-header-meta":"","adv-header-id-meta":"","stick-header-meta":"","header-above-stick-meta":"","header-main-stick-meta":"","header-below-stick-meta":"","astra-migrate-meta-layouts":"default","ast-page-background-enabled":"default","ast-page-background-meta":{"desktop":{"background-color":"var(--ast-global-color-4)","background-image":"","background-repeat":"repeat","background-position":"center center","background-size":"auto","background-attachment":"scroll","background-type":"","background-media":"","overlay-type":"","overlay-color":"","overlay-opacity":"","overlay-gradient":""},"tablet":{"background-color":"","background-image":"","background-repeat":"repeat","background-position":"center center","background-size":"auto","background-attachment":"scroll","background-type":"","background-media":"","overlay-type":"","overlay-color":"","overlay-opacity":"","overlay-gradient":""},"mobile":{"background-color":"","background-image":"","background-repeat":"repeat","background-position":"center center","background-size":"auto","background-attachment":"scroll","background-type":"","background-media":"","overlay-type":"","overlay-color":"","overlay-opacity":"","overlay-gradient":""}},"ast-content-background-meta":{"desktop":{"background-color":"var(--ast-global-color-5)","background-image":"","background-repeat":"repeat","background-position":"center center","background-size":"auto","background-attachment":"scroll","background-type":"","background-media":"","overlay-type":"","overlay-color":"","overlay-opacity":"","overlay-gradient":""},"tablet":{"background-color":"var(--ast-global-color-5)","background-image":"","background-repeat":"repeat","background-position":"center center","background-size":"auto","background-attachment":"scroll","background-type":"","background-media":"","overlay-type":"","overlay-color":"","overlay-opacity":"","overlay-gradient":""},"mobile":{"background-color":"var(--ast-global-color-5)","background-image":"","background-repeat":"repeat","background-position":"center center","background-size":"auto","background-attachment":"scroll","background-type":"","background-media":"","overlay-type":"","overlay-color":"","overlay-opacity":"","overlay-gradient":""}},"footnotes":""},"categories":[126],"tags":[],"class_list":["post-10176","post","type-post","status-publish","format-standard","has-post-thumbnail","hentry","category-policial"],"_links":{"self":[{"href":"https:\/\/jornalregionalms.com.br\/index.php?rest_route=\/wp\/v2\/posts\/10176","targetHints":{"allow":["GET"]}}],"collection":[{"href":"https:\/\/jornalregionalms.com.br\/index.php?rest_route=\/wp\/v2\/posts"}],"about":[{"href":"https:\/\/jornalregionalms.com.br\/index.php?rest_route=\/wp\/v2\/types\/post"}],"author":[{"embeddable":true,"href":"https:\/\/jornalregionalms.com.br\/index.php?rest_route=\/wp\/v2\/users\/68"}],"replies":[{"embeddable":true,"href":"https:\/\/jornalregionalms.com.br\/index.php?rest_route=%2Fwp%2Fv2%2Fcomments&post=10176"}],"version-history":[{"count":0,"href":"https:\/\/jornalregionalms.com.br\/index.php?rest_route=\/wp\/v2\/posts\/10176\/revisions"}],"wp:featuredmedia":[{"embeddable":true,"href":"https:\/\/jornalregionalms.com.br\/index.php?rest_route=\/wp\/v2\/media\/10177"}],"wp:attachment":[{"href":"https:\/\/jornalregionalms.com.br\/index.php?rest_route=%2Fwp%2Fv2%2Fmedia&parent=10176"}],"wp:term":[{"taxonomy":"category","embeddable":true,"href":"https:\/\/jornalregionalms.com.br\/index.php?rest_route=%2Fwp%2Fv2%2Fcategories&post=10176"},{"taxonomy":"post_tag","embeddable":true,"href":"https:\/\/jornalregionalms.com.br\/index.php?rest_route=%2Fwp%2Fv2%2Ftags&post=10176"}],"curies":[{"name":"wp","href":"https:\/\/api.w.org\/{rel}","templated":true}]}}