{"id":10174,"date":"2025-12-20T06:28:30","date_gmt":"2025-12-20T10:28:30","guid":{"rendered":"https:\/\/jornalregionalms.com.br\/?p=10174"},"modified":"2025-12-20T06:28:30","modified_gmt":"2025-12-20T10:28:30","slug":"mural-no-rio-de-janeiro-homenageia-milton-nascimento","status":"publish","type":"post","link":"https:\/\/jornalregionalms.com.br\/?p=10174","title":{"rendered":"Mural no Rio de Janeiro homenageia Milton Nascimento"},"content":{"rendered":"<p>O cantor e compositor Milton Nascimento, de 83 anos, 60 deles dedicados \u00e0 m\u00fasica, ganhou mais uma homenagem no Rio de Janeiro. Um mural de 300 metros quadrados com a imagem desse que \u00e9 um dos gigantes da m\u00fasica brasileira ocupa parte da lateral do pr\u00e9dio da Associa\u00e7\u00e3o Crist\u00e3 de Mo\u00e7os, na Rua da Lapa, centro da capital fluminense.\u00a0O mural pode ser visto at\u00e9 mesmo da Pra\u00e7a Cardeal C\u00e2mara, em frente aos Arcos, importante ponto tur\u00edstico da regi\u00e3o. Nesse ponto, o novo mural comp\u00f5e com um painel mais antigo de outro \u00edcone da m\u00fasica, Pixinguinha, pintado em 2021.<img decoding=\"async\" src=\"https:\/\/agenciabrasil.ebc.com.br\/ebc.png?id=1672735&#038;o=rss\"><img decoding=\"async\" src=\"https:\/\/agenciabrasil.ebc.com.br\/ebc.gif?id=1672735&#038;o=rss\"><\/p>\n<p>O desenho de\u00a0Milton\u00a0Nascimento foi feito pela artista visual brasiliense Gugie Cavalcanti, que j\u00e1 produziu 15 murais de personalidades negras em diferentes cidades de todas as regi\u00f5es do pa\u00eds.\u00a0Gugie contou que a imagem do mural de \u201cBituca\u201d foi retirada de uma cena de um document\u00e1rio antigo:\u00a0<\/p>\n<blockquote>\n<p>&#8216;A pesquisa que eu fiz foi buscar ali uma imagem dentro de um document\u00e1rio que apresenta ele ali tamb\u00e9m junto com os amigos, alguns musicistas, m\u00fasicos, compositores. E a\u00ed ele est\u00e1 ali conversando, descontra\u00eddo, e esse jeito que ele est\u00e1 olhando, ele est\u00e1 olhando a maioria das pessoas que ele olha com carinho, uma certa timidez, admira\u00e7\u00e3o e \u00e0 vontade, sabe? E a\u00ed eu quis trazer isso aqui para a Lapa&#8221;, diz.\u00a0<\/p>\n<\/blockquote>\n<p>A iniciativa da homenagem \u00e9 da Secretaria Municipal de Direitos Humanos e Igualdade Racial do Rio e faz parte das a\u00e7\u00f5es antirracistas da campanha Novembro Negro. A artista recebeu a encomenda em setembro e a entrega aconteceu nesta quinta-feira, dia 18.\u00a0O empres\u00e1rio Augusto Nascimento, filho de Milton, participou da inaugura\u00e7\u00e3o do mural e se disse muito grato pela homenagem:<\/p>\n<blockquote>\n<p>&#8220;Todas as homenagens com ele em vida, principalmente, acho que t\u00eam um valor enorme, sabe? Acho que \u00e9 o m\u00ednimo que ele merece, mas \u00e9 muito legal que as pessoas deem esse reconhecimento e esse carinho a ele. E acho que nesse lugar assim, do lado do Circo Voador, da Fundi\u00e7\u00e3o Progresso, que s\u00e3o dois lugares onde ele j\u00e1 se apresentou muitas vezes e s\u00e3o lugares t\u00e3o simb\u00f3licos para a m\u00fasica, n\u00e9, no Brasil todo. \u00c9 incr\u00edvel, acho que n\u00e3o tinha lugar melhor&#8221;, relata.<\/p>\n<\/blockquote>\n<p>Na \u00faltima ter\u00e7a-feira, Milton Nascimento recebeu o t\u00edtulo de Doutor Honoris Causa concedido pela Funda\u00e7\u00e3o Oswaldo Cruz, tamb\u00e9m no Rio de Janeiro. Enredo em 2025 da escola de samba Portela, &#8216;Bituca&#8217; mant\u00e9m hoje uma rotina mais reservada devido a problemas de sa\u00fade.<\/p>\n<p><em>*Com informa\u00e7\u00f5es da Ag\u00eancia Brasil<\/em><\/p>\n<p>  <span class=\"hms hms-format-m-ss\">2:41<\/span><\/p>\n","protected":false},"excerpt":{"rendered":"<p>O cantor e compositor Milton Nascimento, de 83 anos, 60 deles dedicados \u00e0 m\u00fasica, ganhou mais uma homenagem no Rio de Janeiro. Um mural de 300 metros quadrados com a imagem desse que \u00e9 um dos gigantes da m\u00fasica brasileira ocupa parte da lateral do pr\u00e9dio da Associa\u00e7\u00e3o Crist\u00e3 de Mo\u00e7os, na Rua da Lapa, [&hellip;]<\/p>\n","protected":false},"author":1,"featured_media":10175,"comment_status":"open","ping_status":"open","sticky":false,"template":"","format":"standard","meta":{"site-sidebar-layout":"default","site-content-layout":"","ast-site-content-layout":"","site-content-style":"default","site-sidebar-style":"default","ast-global-header-display":"","ast-banner-title-visibility":"","ast-main-header-display":"","ast-hfb-above-header-display":"","ast-hfb-below-header-display":"","ast-hfb-mobile-header-display":"","site-post-title":"","ast-breadcrumbs-content":"","ast-featured-img":"","footer-sml-layout":"","theme-transparent-header-meta":"","adv-header-id-meta":"","stick-header-meta":"","header-above-stick-meta":"","header-main-stick-meta":"","header-below-stick-meta":"","astra-migrate-meta-layouts":"default","ast-page-background-enabled":"default","ast-page-background-meta":{"desktop":{"background-color":"var(--ast-global-color-4)","background-image":"","background-repeat":"repeat","background-position":"center center","background-size":"auto","background-attachment":"scroll","background-type":"","background-media":"","overlay-type":"","overlay-color":"","overlay-opacity":"","overlay-gradient":""},"tablet":{"background-color":"","background-image":"","background-repeat":"repeat","background-position":"center center","background-size":"auto","background-attachment":"scroll","background-type":"","background-media":"","overlay-type":"","overlay-color":"","overlay-opacity":"","overlay-gradient":""},"mobile":{"background-color":"","background-image":"","background-repeat":"repeat","background-position":"center center","background-size":"auto","background-attachment":"scroll","background-type":"","background-media":"","overlay-type":"","overlay-color":"","overlay-opacity":"","overlay-gradient":""}},"ast-content-background-meta":{"desktop":{"background-color":"var(--ast-global-color-5)","background-image":"","background-repeat":"repeat","background-position":"center center","background-size":"auto","background-attachment":"scroll","background-type":"","background-media":"","overlay-type":"","overlay-color":"","overlay-opacity":"","overlay-gradient":""},"tablet":{"background-color":"var(--ast-global-color-5)","background-image":"","background-repeat":"repeat","background-position":"center center","background-size":"auto","background-attachment":"scroll","background-type":"","background-media":"","overlay-type":"","overlay-color":"","overlay-opacity":"","overlay-gradient":""},"mobile":{"background-color":"var(--ast-global-color-5)","background-image":"","background-repeat":"repeat","background-position":"center center","background-size":"auto","background-attachment":"scroll","background-type":"","background-media":"","overlay-type":"","overlay-color":"","overlay-opacity":"","overlay-gradient":""}},"footnotes":""},"categories":[1],"tags":[],"class_list":["post-10174","post","type-post","status-publish","format-standard","has-post-thumbnail","hentry","category-sem-categoria"],"_links":{"self":[{"href":"https:\/\/jornalregionalms.com.br\/index.php?rest_route=\/wp\/v2\/posts\/10174","targetHints":{"allow":["GET"]}}],"collection":[{"href":"https:\/\/jornalregionalms.com.br\/index.php?rest_route=\/wp\/v2\/posts"}],"about":[{"href":"https:\/\/jornalregionalms.com.br\/index.php?rest_route=\/wp\/v2\/types\/post"}],"author":[{"embeddable":true,"href":"https:\/\/jornalregionalms.com.br\/index.php?rest_route=\/wp\/v2\/users\/1"}],"replies":[{"embeddable":true,"href":"https:\/\/jornalregionalms.com.br\/index.php?rest_route=%2Fwp%2Fv2%2Fcomments&post=10174"}],"version-history":[{"count":0,"href":"https:\/\/jornalregionalms.com.br\/index.php?rest_route=\/wp\/v2\/posts\/10174\/revisions"}],"wp:featuredmedia":[{"embeddable":true,"href":"https:\/\/jornalregionalms.com.br\/index.php?rest_route=\/wp\/v2\/media\/10175"}],"wp:attachment":[{"href":"https:\/\/jornalregionalms.com.br\/index.php?rest_route=%2Fwp%2Fv2%2Fmedia&parent=10174"}],"wp:term":[{"taxonomy":"category","embeddable":true,"href":"https:\/\/jornalregionalms.com.br\/index.php?rest_route=%2Fwp%2Fv2%2Fcategories&post=10174"},{"taxonomy":"post_tag","embeddable":true,"href":"https:\/\/jornalregionalms.com.br\/index.php?rest_route=%2Fwp%2Fv2%2Ftags&post=10174"}],"curies":[{"name":"wp","href":"https:\/\/api.w.org\/{rel}","templated":true}]}}