{"id":10172,"date":"2025-12-20T06:28:31","date_gmt":"2025-12-20T10:28:31","guid":{"rendered":"https:\/\/jornalregionalms.com.br\/?p=10172"},"modified":"2025-12-20T06:28:31","modified_gmt":"2025-12-20T10:28:31","slug":"desfiles-de-escolas-de-samba-do-rj-sao-declarados-patrimonio-do-estado","status":"publish","type":"post","link":"https:\/\/jornalregionalms.com.br\/?p=10172","title":{"rendered":"Desfiles\u00a0de escolas\u00a0de\u00a0samba do RJ s\u00e3o declarados Patrim\u00f4nio do Estado"},"content":{"rendered":"<p>Os\u00a0desfiles\u00a0das escolas\u00a0de\u00a0samba do Rio\u00a0de\u00a0Janeiro foram\u00a0declarados Patrim\u00f4nio Cultural do Estado. O\u00a0decreto foi assinado nesta sexta-feira pelo governador Cl\u00e1udio Castro.<img decoding=\"async\" src=\"https:\/\/agenciabrasil.ebc.com.br\/ebc.png?id=1672826&#038;o=rss\"><img decoding=\"async\" src=\"https:\/\/agenciabrasil.ebc.com.br\/ebc.gif?id=1672826&#038;o=rss\"><\/p>\n<p>Com a iniciativa, o espet\u00e1culo passa a integrar oficialmente o conjunto\u00a0de\u00a0bens culturais protegidos pelo Estado, o que valoriza a tradi\u00e7\u00e3o, os profissionais do setor, e a cadeia produtiva envolvida na festa.<\/p>\n<p>Al\u00e9m disso, segundo o Governo, o reconhecimento amplia a base legal para investimentos p\u00fablicos, parcerias institucionais e pol\u00edticas\u00a0de\u00a0valoriza\u00e7\u00e3o profissional.<\/p>\n<p>Paulinho Mocidade, int\u00e9rprete v\u00e1rias vezes campe\u00e3o do\u00a0Carnaval\u00a0do Rio,\u00a0destaca a relev\u00e2ncia da medida para os sambistas cariocas.<\/p>\n<p>\u201cMuito acertada, mas muito bem colocada pelas autoridades do Rio\u00a0de\u00a0Janeiro, porque o\u00a0Carnaval\u00a0do Rio, todo mundo sabe que ele vai daqui para todo o Brasil e do Brasil para o mundo. E isso a\u00ed faz com que o sambista obtenha acima\u00a0de\u00a0tudo respeito.\u00a0Que a hist\u00f3ria do samba l\u00e1 atr\u00e1s, no s\u00e9culo passado, o sambista era marginalizado, o preconceito era gigantesco e hoje n\u00e3o, hoje o sambista \u00e9 refer\u00eancia\u201d.<\/p>\n<p>A Liesa, Liga Independente das Escolas\u00a0de\u00a0Samba do Rio\u00a0de\u00a0Janeiro, tamb\u00e9m fez um pedido formal ao IPHAN, Instituto do Patrim\u00f4nio Hist\u00f3rico e Art\u00edstico Nacional, em agosto\u00a0deste ano, para que os\u00a0desfiles\u00a0das escolas\u00a0de\u00a0samba da Marqu\u00eas\u00a0de\u00a0Sapuca\u00ed sejam registrados como Patrim\u00f4nio Cultural do Brasil.<\/p>\n<p>A Marqu\u00eas\u00a0de\u00a0Sapuca\u00ed, projetada pelo arquiteto Oscar Niemeyer, j\u00e1 \u00e9 tombada pelo instituto\u00a0desde 2021. Al\u00e9m disso, o partido alto, o samba\u00a0de\u00a0terreiro e o samba enredo s\u00e3o reconhecidos como Patrim\u00f4nio Cultural do Brasil\u00a0desde 2007.<\/p>\n<p>Em nota, o IPHAN disse que o pedido\u00a0de\u00a0registro dos\u00a0desfiles\u00a0das escolas\u00a0de\u00a0samba do Rio\u00a0de\u00a0Janeiro vai ao encontro da import\u00e2ncia cultural e hist\u00f3rica do\u00a0Carnaval\u00a0carioca para o Brasil, \u00a0j\u00e1 reconhecida em outras oportunidades. O Instituto\u00a0destacou que o processo\u00a0de\u00a0registro segue procedimento pr\u00f3prio, independentemente das iniciativas\u00a0de\u00a0reconhecimento dos estados e munic\u00edpios.<\/p>\n<p>O Estado do\u00a0Rio registrou um impacto positivo\u00a0de\u00a0R$ 6,5 bilh\u00f5es na economia durante o per\u00edodo do\u00a0Carnaval\u00a0do ano passado. E\u00a0de\u00a0acordo com a Confedera\u00e7\u00e3o Nacional do Com\u00e9rcio\u00a0de\u00a0Bens, Servi\u00e7os e Turismo as vagas tempor\u00e1rias durante a folia no estado cresceram 8,6%.<\/p>\n<p>O per\u00edodo tamb\u00e9m impulsionou o empreendedorismo. Entre janeiro e o in\u00edcio\u00a0de\u00a0fevereiro\u00a0deste ano, foram criados mais\u00a0de\u00a02 mil novos empreendimentos ligados ao\u00a0Carnaval\u00a0no Rio\u00a0de\u00a0Janeiro.<\/p>\n<p>  <span class=\"hms hms-format-m-ss\">2:30<\/span><\/p>\n","protected":false},"excerpt":{"rendered":"<p>Os\u00a0desfiles\u00a0das escolas\u00a0de\u00a0samba do Rio\u00a0de\u00a0Janeiro foram\u00a0declarados Patrim\u00f4nio Cultural do Estado. O\u00a0decreto foi assinado nesta sexta-feira pelo governador Cl\u00e1udio Castro. Com a iniciativa, o espet\u00e1culo passa a integrar oficialmente o conjunto\u00a0de\u00a0bens culturais protegidos pelo Estado, o que valoriza a tradi\u00e7\u00e3o, os profissionais do setor, e a cadeia produtiva envolvida na festa. Al\u00e9m disso, segundo o Governo, o [&hellip;]<\/p>\n","protected":false},"author":24,"featured_media":10173,"comment_status":"open","ping_status":"open","sticky":false,"template":"","format":"standard","meta":{"site-sidebar-layout":"default","site-content-layout":"","ast-site-content-layout":"","site-content-style":"default","site-sidebar-style":"default","ast-global-header-display":"","ast-banner-title-visibility":"","ast-main-header-display":"","ast-hfb-above-header-display":"","ast-hfb-below-header-display":"","ast-hfb-mobile-header-display":"","site-post-title":"","ast-breadcrumbs-content":"","ast-featured-img":"","footer-sml-layout":"","theme-transparent-header-meta":"","adv-header-id-meta":"","stick-header-meta":"","header-above-stick-meta":"","header-main-stick-meta":"","header-below-stick-meta":"","astra-migrate-meta-layouts":"default","ast-page-background-enabled":"default","ast-page-background-meta":{"desktop":{"background-color":"var(--ast-global-color-4)","background-image":"","background-repeat":"repeat","background-position":"center center","background-size":"auto","background-attachment":"scroll","background-type":"","background-media":"","overlay-type":"","overlay-color":"","overlay-opacity":"","overlay-gradient":""},"tablet":{"background-color":"","background-image":"","background-repeat":"repeat","background-position":"center center","background-size":"auto","background-attachment":"scroll","background-type":"","background-media":"","overlay-type":"","overlay-color":"","overlay-opacity":"","overlay-gradient":""},"mobile":{"background-color":"","background-image":"","background-repeat":"repeat","background-position":"center center","background-size":"auto","background-attachment":"scroll","background-type":"","background-media":"","overlay-type":"","overlay-color":"","overlay-opacity":"","overlay-gradient":""}},"ast-content-background-meta":{"desktop":{"background-color":"var(--ast-global-color-5)","background-image":"","background-repeat":"repeat","background-position":"center center","background-size":"auto","background-attachment":"scroll","background-type":"","background-media":"","overlay-type":"","overlay-color":"","overlay-opacity":"","overlay-gradient":""},"tablet":{"background-color":"var(--ast-global-color-5)","background-image":"","background-repeat":"repeat","background-position":"center center","background-size":"auto","background-attachment":"scroll","background-type":"","background-media":"","overlay-type":"","overlay-color":"","overlay-opacity":"","overlay-gradient":""},"mobile":{"background-color":"var(--ast-global-color-5)","background-image":"","background-repeat":"repeat","background-position":"center center","background-size":"auto","background-attachment":"scroll","background-type":"","background-media":"","overlay-type":"","overlay-color":"","overlay-opacity":"","overlay-gradient":""}},"footnotes":""},"categories":[1],"tags":[],"class_list":["post-10172","post","type-post","status-publish","format-standard","has-post-thumbnail","hentry","category-sem-categoria"],"_links":{"self":[{"href":"https:\/\/jornalregionalms.com.br\/index.php?rest_route=\/wp\/v2\/posts\/10172","targetHints":{"allow":["GET"]}}],"collection":[{"href":"https:\/\/jornalregionalms.com.br\/index.php?rest_route=\/wp\/v2\/posts"}],"about":[{"href":"https:\/\/jornalregionalms.com.br\/index.php?rest_route=\/wp\/v2\/types\/post"}],"author":[{"embeddable":true,"href":"https:\/\/jornalregionalms.com.br\/index.php?rest_route=\/wp\/v2\/users\/24"}],"replies":[{"embeddable":true,"href":"https:\/\/jornalregionalms.com.br\/index.php?rest_route=%2Fwp%2Fv2%2Fcomments&post=10172"}],"version-history":[{"count":0,"href":"https:\/\/jornalregionalms.com.br\/index.php?rest_route=\/wp\/v2\/posts\/10172\/revisions"}],"wp:featuredmedia":[{"embeddable":true,"href":"https:\/\/jornalregionalms.com.br\/index.php?rest_route=\/wp\/v2\/media\/10173"}],"wp:attachment":[{"href":"https:\/\/jornalregionalms.com.br\/index.php?rest_route=%2Fwp%2Fv2%2Fmedia&parent=10172"}],"wp:term":[{"taxonomy":"category","embeddable":true,"href":"https:\/\/jornalregionalms.com.br\/index.php?rest_route=%2Fwp%2Fv2%2Fcategories&post=10172"},{"taxonomy":"post_tag","embeddable":true,"href":"https:\/\/jornalregionalms.com.br\/index.php?rest_route=%2Fwp%2Fv2%2Ftags&post=10172"}],"curies":[{"name":"wp","href":"https:\/\/api.w.org\/{rel}","templated":true}]}}